{"id":11511,"date":"2019-09-15T11:27:22","date_gmt":"2019-09-15T09:27:22","guid":{"rendered":"https:\/\/bcsdhregi.zerdamarketing.com\/?p=11511"},"modified":"2022-09-19T14:45:37","modified_gmt":"2022-09-19T12:45:37","slug":"nestle-inaugurates-packaging-research-institute-first-of-its-kind-in-the-food-industry","status":"publish","type":"post","link":"https:\/\/bcsdh.hu\/en\/member-news\/nestle-inaugurates-packaging-research-institute-first-of-its-kind-in-the-food-industry\/","title":{"rendered":"Nestl\u00e9 inaugurates packaging research institute, first-of-its-kind in the food industry"},"content":{"rendered":"<h3 style=\"text-align: justify;\"><strong>In September Nestl\u00e9 officially inaugurated the Institute of Packaging Sciences, the first-of-its-kind in the food industry. The new <a href=\"https:\/\/www.nestle.com\/media\/pressreleases\/allpressreleases\/nestle-institute-of-packaging-sciences\">Institute <\/a>enables Nestl\u00e9 to accelerate its efforts to bring functional, safe and environmentally friendly packaging solutions to the market and to address the global challenge of plastic packaging waste.&nbsp; &nbsp;<\/strong><\/h3>\n<p style=\"text-align: justify;\">Speaking at the inauguration, Mark Schneider, Nestl\u00e9 CEO, said, \u201cOur vision is a world in which none of our packaging ends up in landfill or as litter. To achieve this we introduce reusable packaging solutions and pioneer environmentally friendly packaging materials. Furthermore, we support the development of local recycling infrastructure and deposit schemes to help shape a waste-free world. The <strong>Nestl\u00e9 Institute of Packaging Sciences<\/strong> enables us to create a strong pipeline of sustainable packaging solutions for Nestl\u00e9 products across businesses and markets.\u201d<\/p>\n<p style=\"text-align: justify;\">The Nestl\u00e9 Institute of Packaging Sciences focuses on a number of science and technology areas, such as refillable or reusable packaging, simplified packaging materials, recycled packaging materials, high-performance barrier papers as well as bio-based, compostable and biodegradable materials.<\/p>\n<p style=\"text-align: justify;\">Stefan Palzer, Nestl\u00e9 CTO said, <strong>\u201cReducing plastic waste and mitigating climate change effects through cutting-edge technology and product design are a priority for us. Nestl\u00e9 experts are co-developing and testing new environmentally friendly packaging materials and systems together with our development centers, suppliers, research institutions and start-ups. Located at our Nestl\u00e9 Research facilities in Lausanne, Switzerland, the Institute also leverages our existing research&nbsp;<\/strong><strong style=\"text-align: justify;\">capabilities in food safety, analytics and food science.\u201d<\/strong><\/p>\n<p><img decoding=\"async\" class=\"wp-image-11510 alignleft lazyload\" style=\"--smush-placeholder-width: 345px; --smush-placeholder-aspect-ratio: 345\/194;text-align: justify;\" data-src=\"https:\/\/bcsdh.hu\/wp-content\/uploads\/2022\/01\/Because100IsNotEnough_branded.gif\" alt=\"\" width=\"345\" height=\"194\" src=\"data:image\/svg+xml;base64,PHN2ZyB3aWR0aD0iMSIgaGVpZ2h0PSIxIiB4bWxucz0iaHR0cDovL3d3dy53My5vcmcvMjAwMC9zdmciPjwvc3ZnPg==\"><\/p>\n<p style=\"text-align: justify;\">Commenting on the inauguration, Sander Defruyt, New Plastics Economy Lead at the <strong>Ellen MacArthur Foundation<\/strong>, said: \u201cNestl\u00e9 was one of the first companies to sign the &nbsp;<a href=\"https:\/\/www.newplasticseconomy.org\/\">New Plastics Economy Global Commitment, <\/a>setting concrete targets to eliminate plastic waste and pollution at the source. It is great to see the world\u2019s largest consumer goods company now increasing its research focus and capacity to deliver on these ambitions.\u201d<\/p>\n<p style=\"text-align: justify;\">Nestl\u00e9 is already making progress towards its&nbsp; <a href=\"https:\/\/www.nestle.com\/media\/pressreleases\/allpressreleases\/nestle-recyclable-reusable-packaging-by-2025\">2025 packaging commitments<\/a>, and has launched novel packaging solutions. For example, Nestl\u00e9 packaging experts and suppliers developed products in recyclable paper packaging such as the <em>&nbsp;<\/em><a href=\"https:\/\/www.nestle.com\/media\/news\/nesquik-launches-all-natural-cocoa-powder-in-recyclable-paper-packaging\"><em>Nesquik <\/em>All Natural<\/a> cocoa powder and the <a href=\"https:\/\/www.nestle.com\/media\/news\/yes-snack-bars-recyclable-paper-wrapper\"><em>YES! <\/em><\/a>snack bars in under 12 months.<\/p>\n<p style=\"text-align: justify;\">\n","protected":false},"excerpt":{"rendered":"<p>In September Nestl\u00e9 officially inaugurated the Institute of Packaging Sciences, the first-of-its-kind in the food industry. The new Institute enables Nestl\u00e9 to accelerate its efforts to bring functional, safe and [&hellip;]<\/p>\n","protected":false},"author":1,"featured_media":38730,"comment_status":"open","ping_status":"open","sticky":false,"template":"","format":"standard","meta":{"footnotes":""},"categories":[54],"tags":[],"class_list":["post-11511","post","type-post","status-publish","format-standard","has-post-thumbnail","hentry","category-member-news"],"yoast_head":"<!-- This site is optimized with the Yoast SEO plugin v27.5 - https:\/\/yoast.com\/product\/yoast-seo-wordpress\/ -->\n<title>Nestl\u00e9 inaugurates packaging research institute, first-of-its-kind in the food industry - BCSDH<\/title>\n<meta name=\"robots\" content=\"index, follow, max-snippet:-1, max-image-preview:large, max-video-preview:-1\" \/>\n<link rel=\"canonical\" href=\"https:\/\/bcsdh.hu\/member-news\/nestle-inaugurates-packaging-research-institute-first-of-its-kind-in-the-food-industry\/?lang=en\" \/>\n<meta property=\"og:locale\" content=\"en_US\" \/>\n<meta property=\"og:type\" content=\"article\" \/>\n<meta property=\"og:title\" content=\"Nestl\u00e9 inaugurates packaging research institute, first-of-its-kind in the food industry - BCSDH\" \/>\n<meta property=\"og:description\" content=\"In September Nestl\u00e9 officially inaugurated the Institute of Packaging Sciences, the first-of-its-kind in the food industry. The new Institute enables Nestl\u00e9 to accelerate its efforts to bring functional, safe and [&hellip;]\" \/>\n<meta property=\"og:url\" content=\"https:\/\/bcsdh.hu\/member-news\/nestle-inaugurates-packaging-research-institute-first-of-its-kind-in-the-food-industry\/?lang=en\" \/>\n<meta property=\"og:site_name\" content=\"BCSDH\" \/>\n<meta property=\"article:published_time\" content=\"2019-09-15T09:27:22+00:00\" \/>\n<meta property=\"article:modified_time\" content=\"2022-09-19T12:45:37+00:00\" \/>\n<meta property=\"og:image\" content=\"https:\/\/bcsdh.hu\/wp-content\/uploads\/2022\/01\/Nestle-1.png\" \/>\n\t<meta property=\"og:image:width\" content=\"450\" \/>\n\t<meta property=\"og:image:height\" content=\"170\" \/>\n\t<meta property=\"og:image:type\" content=\"image\/png\" \/>\n<meta name=\"author\" content=\"admin\" \/>\n<meta name=\"twitter:card\" content=\"summary_large_image\" \/>\n<meta name=\"twitter:label1\" content=\"Written by\" \/>\n\t<meta name=\"twitter:data1\" content=\"admin\" \/>\n\t<meta name=\"twitter:label2\" content=\"Est. reading time\" \/>\n\t<meta name=\"twitter:data2\" content=\"2 minutes\" \/>\n<script type=\"application\/ld+json\" class=\"yoast-schema-graph\">{\"@context\":\"https:\\\/\\\/schema.org\",\"@graph\":[{\"@type\":\"Article\",\"@id\":\"https:\\\/\\\/bcsdh.hu\\\/member-news\\\/nestle-inaugurates-packaging-research-institute-first-of-its-kind-in-the-food-industry\\\/?lang=en#article\",\"isPartOf\":{\"@id\":\"https:\\\/\\\/bcsdh.hu\\\/member-news\\\/nestle-inaugurates-packaging-research-institute-first-of-its-kind-in-the-food-industry\\\/?lang=en\"},\"author\":{\"name\":\"admin\",\"@id\":\"https:\\\/\\\/bcsdh.hu\\\/#\\\/schema\\\/person\\\/b1e5bda87b4c144504e5240f60951716\"},\"headline\":\"Nestl\u00e9 inaugurates packaging research institute, first-of-its-kind in the food industry\",\"datePublished\":\"2019-09-15T09:27:22+00:00\",\"dateModified\":\"2022-09-19T12:45:37+00:00\",\"mainEntityOfPage\":{\"@id\":\"https:\\\/\\\/bcsdh.hu\\\/member-news\\\/nestle-inaugurates-packaging-research-institute-first-of-its-kind-in-the-food-industry\\\/?lang=en\"},\"wordCount\":366,\"commentCount\":0,\"image\":{\"@id\":\"https:\\\/\\\/bcsdh.hu\\\/member-news\\\/nestle-inaugurates-packaging-research-institute-first-of-its-kind-in-the-food-industry\\\/?lang=en#primaryimage\"},\"thumbnailUrl\":\"https:\\\/\\\/bcsdh.hu\\\/wp-content\\\/uploads\\\/2022\\\/01\\\/Nestle-1.png\",\"articleSection\":[\"Member News\"],\"inLanguage\":\"en-US\",\"potentialAction\":[{\"@type\":\"CommentAction\",\"name\":\"Comment\",\"target\":[\"https:\\\/\\\/bcsdh.hu\\\/member-news\\\/nestle-inaugurates-packaging-research-institute-first-of-its-kind-in-the-food-industry\\\/?lang=en#respond\"]}]},{\"@type\":\"WebPage\",\"@id\":\"https:\\\/\\\/bcsdh.hu\\\/member-news\\\/nestle-inaugurates-packaging-research-institute-first-of-its-kind-in-the-food-industry\\\/?lang=en\",\"url\":\"https:\\\/\\\/bcsdh.hu\\\/member-news\\\/nestle-inaugurates-packaging-research-institute-first-of-its-kind-in-the-food-industry\\\/?lang=en\",\"name\":\"Nestl\u00e9 inaugurates packaging research institute, first-of-its-kind in the food industry - BCSDH\",\"isPartOf\":{\"@id\":\"https:\\\/\\\/bcsdh.hu\\\/#website\"},\"primaryImageOfPage\":{\"@id\":\"https:\\\/\\\/bcsdh.hu\\\/member-news\\\/nestle-inaugurates-packaging-research-institute-first-of-its-kind-in-the-food-industry\\\/?lang=en#primaryimage\"},\"image\":{\"@id\":\"https:\\\/\\\/bcsdh.hu\\\/member-news\\\/nestle-inaugurates-packaging-research-institute-first-of-its-kind-in-the-food-industry\\\/?lang=en#primaryimage\"},\"thumbnailUrl\":\"https:\\\/\\\/bcsdh.hu\\\/wp-content\\\/uploads\\\/2022\\\/01\\\/Nestle-1.png\",\"datePublished\":\"2019-09-15T09:27:22+00:00\",\"dateModified\":\"2022-09-19T12:45:37+00:00\",\"author\":{\"@id\":\"https:\\\/\\\/bcsdh.hu\\\/#\\\/schema\\\/person\\\/b1e5bda87b4c144504e5240f60951716\"},\"breadcrumb\":{\"@id\":\"https:\\\/\\\/bcsdh.hu\\\/member-news\\\/nestle-inaugurates-packaging-research-institute-first-of-its-kind-in-the-food-industry\\\/?lang=en#breadcrumb\"},\"inLanguage\":\"en-US\",\"potentialAction\":[{\"@type\":\"ReadAction\",\"target\":[\"https:\\\/\\\/bcsdh.hu\\\/member-news\\\/nestle-inaugurates-packaging-research-institute-first-of-its-kind-in-the-food-industry\\\/?lang=en\"]}]},{\"@type\":\"ImageObject\",\"inLanguage\":\"en-US\",\"@id\":\"https:\\\/\\\/bcsdh.hu\\\/member-news\\\/nestle-inaugurates-packaging-research-institute-first-of-its-kind-in-the-food-industry\\\/?lang=en#primaryimage\",\"url\":\"https:\\\/\\\/bcsdh.hu\\\/wp-content\\\/uploads\\\/2022\\\/01\\\/Nestle-1.png\",\"contentUrl\":\"https:\\\/\\\/bcsdh.hu\\\/wp-content\\\/uploads\\\/2022\\\/01\\\/Nestle-1.png\",\"width\":450,\"height\":170},{\"@type\":\"BreadcrumbList\",\"@id\":\"https:\\\/\\\/bcsdh.hu\\\/member-news\\\/nestle-inaugurates-packaging-research-institute-first-of-its-kind-in-the-food-industry\\\/?lang=en#breadcrumb\",\"itemListElement\":[{\"@type\":\"ListItem\",\"position\":1,\"name\":\"Kezd\u0151lap\",\"item\":\"https:\\\/\\\/bcsdh.hu\\\/en\\\/bcsdh-the-business-council-for-sustainable-development-in-hungary\\\/\"},{\"@type\":\"ListItem\",\"position\":2,\"name\":\"Nestl\u00e9 inaugurates packaging research institute, first-of-its-kind in the food industry\"}]},{\"@type\":\"WebSite\",\"@id\":\"https:\\\/\\\/bcsdh.hu\\\/#website\",\"url\":\"https:\\\/\\\/bcsdh.hu\\\/\",\"name\":\"BCSDH\",\"description\":\"Magyarorsz\u00e1gi \u00dczleti Tan\u00e1cs a Fenntarthat\u00f3 Fejl\u0151d\u00e9s\u00e9rt (BCSDH) az \u00dczleti Vil\u00e1gtan\u00e1cs a Fenntarthat\u00f3 Fejl\u0151d\u00e9s\u00e9rt hazai szervezete.\",\"potentialAction\":[{\"@type\":\"SearchAction\",\"target\":{\"@type\":\"EntryPoint\",\"urlTemplate\":\"https:\\\/\\\/bcsdh.hu\\\/?s={search_term_string}\"},\"query-input\":{\"@type\":\"PropertyValueSpecification\",\"valueRequired\":true,\"valueName\":\"search_term_string\"}}],\"inLanguage\":\"en-US\"},{\"@type\":\"Person\",\"@id\":\"https:\\\/\\\/bcsdh.hu\\\/#\\\/schema\\\/person\\\/b1e5bda87b4c144504e5240f60951716\",\"name\":\"admin\",\"sameAs\":[\"https:\\\/\\\/bcsdh.hu\"],\"url\":\"https:\\\/\\\/bcsdh.hu\\\/en\\\/author\\\/admin\\\/\"}]}<\/script>\n<!-- \/ Yoast SEO plugin. -->","yoast_head_json":{"title":"Nestl\u00e9 inaugurates packaging research institute, first-of-its-kind in the food industry - BCSDH","robots":{"index":"index","follow":"follow","max-snippet":"max-snippet:-1","max-image-preview":"max-image-preview:large","max-video-preview":"max-video-preview:-1"},"canonical":"https:\/\/bcsdh.hu\/member-news\/nestle-inaugurates-packaging-research-institute-first-of-its-kind-in-the-food-industry\/?lang=en","og_locale":"en_US","og_type":"article","og_title":"Nestl\u00e9 inaugurates packaging research institute, first-of-its-kind in the food industry - BCSDH","og_description":"In September Nestl\u00e9 officially inaugurated the Institute of Packaging Sciences, the first-of-its-kind in the food industry. The new Institute enables Nestl\u00e9 to accelerate its efforts to bring functional, safe and [&hellip;]","og_url":"https:\/\/bcsdh.hu\/member-news\/nestle-inaugurates-packaging-research-institute-first-of-its-kind-in-the-food-industry\/?lang=en","og_site_name":"BCSDH","article_published_time":"2019-09-15T09:27:22+00:00","article_modified_time":"2022-09-19T12:45:37+00:00","og_image":[{"width":450,"height":170,"url":"https:\/\/bcsdh.hu\/wp-content\/uploads\/2022\/01\/Nestle-1.png","type":"image\/png"}],"author":"admin","twitter_card":"summary_large_image","twitter_misc":{"Written by":"admin","Est. reading time":"2 minutes"},"schema":{"@context":"https:\/\/schema.org","@graph":[{"@type":"Article","@id":"https:\/\/bcsdh.hu\/member-news\/nestle-inaugurates-packaging-research-institute-first-of-its-kind-in-the-food-industry\/?lang=en#article","isPartOf":{"@id":"https:\/\/bcsdh.hu\/member-news\/nestle-inaugurates-packaging-research-institute-first-of-its-kind-in-the-food-industry\/?lang=en"},"author":{"name":"admin","@id":"https:\/\/bcsdh.hu\/#\/schema\/person\/b1e5bda87b4c144504e5240f60951716"},"headline":"Nestl\u00e9 inaugurates packaging research institute, first-of-its-kind in the food industry","datePublished":"2019-09-15T09:27:22+00:00","dateModified":"2022-09-19T12:45:37+00:00","mainEntityOfPage":{"@id":"https:\/\/bcsdh.hu\/member-news\/nestle-inaugurates-packaging-research-institute-first-of-its-kind-in-the-food-industry\/?lang=en"},"wordCount":366,"commentCount":0,"image":{"@id":"https:\/\/bcsdh.hu\/member-news\/nestle-inaugurates-packaging-research-institute-first-of-its-kind-in-the-food-industry\/?lang=en#primaryimage"},"thumbnailUrl":"https:\/\/bcsdh.hu\/wp-content\/uploads\/2022\/01\/Nestle-1.png","articleSection":["Member News"],"inLanguage":"en-US","potentialAction":[{"@type":"CommentAction","name":"Comment","target":["https:\/\/bcsdh.hu\/member-news\/nestle-inaugurates-packaging-research-institute-first-of-its-kind-in-the-food-industry\/?lang=en#respond"]}]},{"@type":"WebPage","@id":"https:\/\/bcsdh.hu\/member-news\/nestle-inaugurates-packaging-research-institute-first-of-its-kind-in-the-food-industry\/?lang=en","url":"https:\/\/bcsdh.hu\/member-news\/nestle-inaugurates-packaging-research-institute-first-of-its-kind-in-the-food-industry\/?lang=en","name":"Nestl\u00e9 inaugurates packaging research institute, first-of-its-kind in the food industry - BCSDH","isPartOf":{"@id":"https:\/\/bcsdh.hu\/#website"},"primaryImageOfPage":{"@id":"https:\/\/bcsdh.hu\/member-news\/nestle-inaugurates-packaging-research-institute-first-of-its-kind-in-the-food-industry\/?lang=en#primaryimage"},"image":{"@id":"https:\/\/bcsdh.hu\/member-news\/nestle-inaugurates-packaging-research-institute-first-of-its-kind-in-the-food-industry\/?lang=en#primaryimage"},"thumbnailUrl":"https:\/\/bcsdh.hu\/wp-content\/uploads\/2022\/01\/Nestle-1.png","datePublished":"2019-09-15T09:27:22+00:00","dateModified":"2022-09-19T12:45:37+00:00","author":{"@id":"https:\/\/bcsdh.hu\/#\/schema\/person\/b1e5bda87b4c144504e5240f60951716"},"breadcrumb":{"@id":"https:\/\/bcsdh.hu\/member-news\/nestle-inaugurates-packaging-research-institute-first-of-its-kind-in-the-food-industry\/?lang=en#breadcrumb"},"inLanguage":"en-US","potentialAction":[{"@type":"ReadAction","target":["https:\/\/bcsdh.hu\/member-news\/nestle-inaugurates-packaging-research-institute-first-of-its-kind-in-the-food-industry\/?lang=en"]}]},{"@type":"ImageObject","inLanguage":"en-US","@id":"https:\/\/bcsdh.hu\/member-news\/nestle-inaugurates-packaging-research-institute-first-of-its-kind-in-the-food-industry\/?lang=en#primaryimage","url":"https:\/\/bcsdh.hu\/wp-content\/uploads\/2022\/01\/Nestle-1.png","contentUrl":"https:\/\/bcsdh.hu\/wp-content\/uploads\/2022\/01\/Nestle-1.png","width":450,"height":170},{"@type":"BreadcrumbList","@id":"https:\/\/bcsdh.hu\/member-news\/nestle-inaugurates-packaging-research-institute-first-of-its-kind-in-the-food-industry\/?lang=en#breadcrumb","itemListElement":[{"@type":"ListItem","position":1,"name":"Kezd\u0151lap","item":"https:\/\/bcsdh.hu\/en\/bcsdh-the-business-council-for-sustainable-development-in-hungary\/"},{"@type":"ListItem","position":2,"name":"Nestl\u00e9 inaugurates packaging research institute, first-of-its-kind in the food industry"}]},{"@type":"WebSite","@id":"https:\/\/bcsdh.hu\/#website","url":"https:\/\/bcsdh.hu\/","name":"BCSDH","description":"Magyarorsz\u00e1gi \u00dczleti Tan\u00e1cs a Fenntarthat\u00f3 Fejl\u0151d\u00e9s\u00e9rt (BCSDH) az \u00dczleti Vil\u00e1gtan\u00e1cs a Fenntarthat\u00f3 Fejl\u0151d\u00e9s\u00e9rt hazai szervezete.","potentialAction":[{"@type":"SearchAction","target":{"@type":"EntryPoint","urlTemplate":"https:\/\/bcsdh.hu\/?s={search_term_string}"},"query-input":{"@type":"PropertyValueSpecification","valueRequired":true,"valueName":"search_term_string"}}],"inLanguage":"en-US"},{"@type":"Person","@id":"https:\/\/bcsdh.hu\/#\/schema\/person\/b1e5bda87b4c144504e5240f60951716","name":"admin","sameAs":["https:\/\/bcsdh.hu"],"url":"https:\/\/bcsdh.hu\/en\/author\/admin\/"}]}},"_links":{"self":[{"href":"https:\/\/bcsdh.hu\/en\/wp-json\/wp\/v2\/posts\/11511","targetHints":{"allow":["GET"]}}],"collection":[{"href":"https:\/\/bcsdh.hu\/en\/wp-json\/wp\/v2\/posts"}],"about":[{"href":"https:\/\/bcsdh.hu\/en\/wp-json\/wp\/v2\/types\/post"}],"author":[{"embeddable":true,"href":"https:\/\/bcsdh.hu\/en\/wp-json\/wp\/v2\/users\/1"}],"replies":[{"embeddable":true,"href":"https:\/\/bcsdh.hu\/en\/wp-json\/wp\/v2\/comments?post=11511"}],"version-history":[{"count":2,"href":"https:\/\/bcsdh.hu\/en\/wp-json\/wp\/v2\/posts\/11511\/revisions"}],"predecessor-version":[{"id":43806,"href":"https:\/\/bcsdh.hu\/en\/wp-json\/wp\/v2\/posts\/11511\/revisions\/43806"}],"wp:featuredmedia":[{"embeddable":true,"href":"https:\/\/bcsdh.hu\/en\/wp-json\/wp\/v2\/media\/38730"}],"wp:attachment":[{"href":"https:\/\/bcsdh.hu\/en\/wp-json\/wp\/v2\/media?parent=11511"}],"wp:term":[{"taxonomy":"category","embeddable":true,"href":"https:\/\/bcsdh.hu\/en\/wp-json\/wp\/v2\/categories?post=11511"},{"taxonomy":"post_tag","embeddable":true,"href":"https:\/\/bcsdh.hu\/en\/wp-json\/wp\/v2\/tags?post=11511"}],"curies":[{"name":"wp","href":"https:\/\/api.w.org\/{rel}","templated":true}]}}