{"id":13552,"date":"2021-01-25T13:44:58","date_gmt":"2021-01-25T12:44:58","guid":{"rendered":"https:\/\/bcsdhregi.zerdamarketing.com\/?p=13552"},"modified":"2022-04-30T15:15:48","modified_gmt":"2022-04-30T13:15:48","slug":"davos-agenda-25-29-january-2021-join-the-conversation","status":"publish","type":"post","link":"https:\/\/bcsdh.hu\/en\/news\/davos-agenda-25-29-january-2021-join-the-conversation\/","title":{"rendered":"Davos Agenda 25-29. January, 2021 &#8211; Join the conversation"},"content":{"rendered":"<div class=\"st__content-block st__content-block--text\">\n<p>The COVID-19 pandemic has demonstrated that no institution or individual alone can address the economic, environmental, social and technological challenges of our complex, interdependent world. The pandemic has accelerated systemic changes that were apparent before its inception. The fault lines that emerged in 2020 now appear as critical crossroads in 2021. The time to rebuild trust and to make crucial choices is fast approaching as the need to reset priorities and the urgency to reform systems grow stronger around the world.<\/p>\n<\/div>\n<div class=\"st__content-block st__content-block--text\">\n<p>The Davos Agenda is a pioneering mobilization of global leaders to shape the principles, policies and partnerships needed in this challenging new context. It is essential for leaders from all walks of life to work together virtually for a more inclusive, cohesive and sustainable future as soon as possible in 2021.<\/p>\n<\/div>\n<div class=\"st__content-block st__content-block--text\">\n<p>An entire week of global programming will be dedicated to helping leaders choose innovative and bold solutions to stem the pandemic and drive a robust recovery over the next year.<\/p>\n<\/div>\n<div class=\"st__content-block st__content-block--text\">\n<p>The event is taking place virtually on&nbsp;<b>25-29 January 2021<\/b>.<\/p>\n<\/div>\n<div class=\"st__content-block st__content-block--text\">\n<p>Here is WEF&#8217;s guide on how to follow <b>#DavosAgenda<\/b> on their digital channels.<\/p>\n<h2 id=\"join-the-conversation\" class=\"st__content-block st__content-block--heading st__content-block--heading-2\">Join the conversation<\/h2>\n<div class=\"st__content-block st__content-block--text\">\n<p><b>Livestream<\/b><\/p>\n<\/div>\n<div class=\"st__content-block st__content-block--text\">\n<p>You can watch the livestreamed sessions&nbsp;<a href=\"https:\/\/www.weforum.org\/events\/the-davos-agenda-2021\">here<\/a>. All sessions will be captioned in English.<\/p>\n<\/div>\n<div class=\"st__content-block st__content-block--text\">\n<p><b>Twitter<\/b><\/p>\n<\/div>\n<div class=\"st__content-block st__content-block--text\">\n<p>The official meeting hashtag is&nbsp;<a href=\"https:\/\/twitter.com\/search?q=%23DavosAgenda&amp;src=typed_query\" target=\"_blank\" rel=\"noopener noreferrer\">#DavosAgenda<\/a>. Follow tweets on this hashtag to keep up with everything going on in the meeting.<\/p>\n<\/div>\n<div class=\"st__content-block st__content-block--text\">\n<p><b>Facebook<\/b><\/p>\n<\/div>\n<div class=\"st__content-block st__content-block--text\">\n<p>Follow WEF page for daily updates, livestreamed sessions, and video highlights from the event: <a href=\"http:\/\/wef.ch\/facebook\" target=\"_blank\" rel=\"noopener noreferrer\">wef.ch\/facebook<\/a>.<\/p>\n<\/div>\n<div class=\"st__content-block st__content-block--text\">\n<p><b>Linkedin<\/b><\/p>\n<\/div>\n<div class=\"st__content-block st__content-block--text\">\n<p>Top stories, highlights and more will be uploaded to WEF page. Follow the meeting here: <a href=\"http:\/\/wef.ch\/linkedin\" target=\"_blank\" rel=\"noopener noreferrer\">wef.ch\/linkedin<\/a>. Join the LinkedIn event&nbsp;<a href=\"https:\/\/www.linkedin.com\/events\/6752963154826813440\/\" target=\"_blank\" rel=\"noopener noreferrer\">here<\/a>.<\/p>\n<\/div>\n<div class=\"st__content-block st__content-block--text\">\n<p><b>Instagram<\/b><\/p>\n<\/div>\n<div class=\"st__content-block st__content-block--text\">\n<p>Key photographs, reels, stories and quizzes from the event will feature:&nbsp;<a href=\"http:\/\/wef.ch\/instagram\" target=\"_blank\" rel=\"noopener noreferrer\">wef.ch\/instagram<\/a><\/p>\n<\/div>\n<div class=\"st__content-block st__content-block--text\">\n<p><b>YouTube<\/b><\/p>\n<\/div>\n<div class=\"st__content-block st__content-block--text\">\n<p>Livestreamed sessions and video roundups will be uploaded to WEF YouTube channel: <a href=\"https:\/\/www.youtube.com\/user\/WorldEconomicForum\" target=\"_blank\" rel=\"noopener noreferrer\">wef.ch\/youtube<\/a><\/p>\n<\/div>\n<div class=\"st__content-block st__content-block--text\">\n<p><b>Podcast<\/b><\/p>\n<\/div>\n<div class=\"st__content-block st__content-block--text\">\n<p>Subscribe to&nbsp;<a href=\"https:\/\/pod.link\/1517364006\" target=\"_blank\" rel=\"noopener noreferrer\">The Great Reset<\/a>&nbsp;for daily coverage.<\/p>\n<\/div>\n<div class=\"st__content-block st__content-block--text\">\n<p><b>TikTok<\/b><\/p>\n<\/div>\n<div class=\"st__content-block st__content-block--text\">\n<p>Follow WEF account on TikTok: <a href=\"https:\/\/www.tiktok.com\/@worldeconomicforum\" target=\"_blank\" rel=\"noopener noreferrer\">wef.ch\/tiktok<\/a><\/p>\n<\/div>\n<\/div>\n","protected":false},"excerpt":{"rendered":"<p>The COVID-19 pandemic has demonstrated that no institution or individual alone can address the economic, environmental, social and technological challenges of our complex, interdependent world. The pandemic has accelerated systemic [&hellip;]<\/p>\n","protected":false},"author":2,"featured_media":37267,"comment_status":"open","ping_status":"open","sticky":false,"template":"","format":"standard","meta":{"footnotes":""},"categories":[864],"tags":[],"class_list":["post-13552","post","type-post","status-publish","format-standard","has-post-thumbnail","hentry","category-news"],"yoast_head":"<!-- This site is optimized with the Yoast SEO plugin v27.5 - https:\/\/yoast.com\/product\/yoast-seo-wordpress\/ -->\n<title>Davos Agenda 25-29. January, 2021 - Join the conversation - BCSDH<\/title>\n<meta name=\"robots\" content=\"index, follow, max-snippet:-1, max-image-preview:large, max-video-preview:-1\" \/>\n<link rel=\"canonical\" href=\"https:\/\/bcsdh.hu\/news\/davos-agenda-25-29-january-2021-join-the-conversation\/?lang=en\" \/>\n<meta property=\"og:locale\" content=\"en_US\" \/>\n<meta property=\"og:type\" content=\"article\" \/>\n<meta property=\"og:title\" content=\"Davos Agenda 25-29. January, 2021 - Join the conversation - BCSDH\" \/>\n<meta property=\"og:description\" content=\"The COVID-19 pandemic has demonstrated that no institution or individual alone can address the economic, environmental, social and technological challenges of our complex, interdependent world. The pandemic has accelerated systemic [&hellip;]\" \/>\n<meta property=\"og:url\" content=\"https:\/\/bcsdh.hu\/news\/davos-agenda-25-29-january-2021-join-the-conversation\/?lang=en\" \/>\n<meta property=\"og:site_name\" content=\"BCSDH\" \/>\n<meta property=\"article:published_time\" content=\"2021-01-25T12:44:58+00:00\" \/>\n<meta property=\"article:modified_time\" content=\"2022-04-30T13:15:48+00:00\" \/>\n<meta property=\"og:image\" content=\"https:\/\/bcsdh.hu\/wp-content\/uploads\/2021\/01\/10855153_10152495218026479_1785631861829752811_o.jpg\" \/>\n\t<meta property=\"og:image:width\" content=\"1024\" \/>\n\t<meta property=\"og:image:height\" content=\"614\" \/>\n\t<meta property=\"og:image:type\" content=\"image\/jpeg\" \/>\n<meta name=\"author\" content=\"eszter.chikankovacs\" \/>\n<meta name=\"twitter:card\" content=\"summary_large_image\" \/>\n<meta name=\"twitter:label1\" content=\"Written by\" \/>\n\t<meta name=\"twitter:data1\" content=\"eszter.chikankovacs\" \/>\n\t<meta name=\"twitter:label2\" content=\"Est. reading time\" \/>\n\t<meta name=\"twitter:data2\" content=\"2 minutes\" \/>\n<script type=\"application\/ld+json\" class=\"yoast-schema-graph\">{\"@context\":\"https:\\\/\\\/schema.org\",\"@graph\":[{\"@type\":\"Article\",\"@id\":\"https:\\\/\\\/bcsdh.hu\\\/news\\\/davos-agenda-25-29-january-2021-join-the-conversation\\\/?lang=en#article\",\"isPartOf\":{\"@id\":\"https:\\\/\\\/bcsdh.hu\\\/news\\\/davos-agenda-25-29-january-2021-join-the-conversation\\\/?lang=en\"},\"author\":{\"name\":\"eszter.chikankovacs\",\"@id\":\"https:\\\/\\\/bcsdh.hu\\\/#\\\/schema\\\/person\\\/dc0c8a1a56126d86e722281935c5f5d8\"},\"headline\":\"Davos Agenda 25-29. January, 2021 &#8211; Join the conversation\",\"datePublished\":\"2021-01-25T12:44:58+00:00\",\"dateModified\":\"2022-04-30T13:15:48+00:00\",\"mainEntityOfPage\":{\"@id\":\"https:\\\/\\\/bcsdh.hu\\\/news\\\/davos-agenda-25-29-january-2021-join-the-conversation\\\/?lang=en\"},\"wordCount\":328,\"commentCount\":0,\"image\":{\"@id\":\"https:\\\/\\\/bcsdh.hu\\\/news\\\/davos-agenda-25-29-january-2021-join-the-conversation\\\/?lang=en#primaryimage\"},\"thumbnailUrl\":\"https:\\\/\\\/bcsdh.hu\\\/wp-content\\\/uploads\\\/2021\\\/01\\\/10855153_10152495218026479_1785631861829752811_o.jpg\",\"articleSection\":[\"News\"],\"inLanguage\":\"en-US\",\"potentialAction\":[{\"@type\":\"CommentAction\",\"name\":\"Comment\",\"target\":[\"https:\\\/\\\/bcsdh.hu\\\/news\\\/davos-agenda-25-29-january-2021-join-the-conversation\\\/?lang=en#respond\"]}]},{\"@type\":\"WebPage\",\"@id\":\"https:\\\/\\\/bcsdh.hu\\\/news\\\/davos-agenda-25-29-january-2021-join-the-conversation\\\/?lang=en\",\"url\":\"https:\\\/\\\/bcsdh.hu\\\/news\\\/davos-agenda-25-29-january-2021-join-the-conversation\\\/?lang=en\",\"name\":\"Davos Agenda 25-29. January, 2021 - Join the conversation - BCSDH\",\"isPartOf\":{\"@id\":\"https:\\\/\\\/bcsdh.hu\\\/#website\"},\"primaryImageOfPage\":{\"@id\":\"https:\\\/\\\/bcsdh.hu\\\/news\\\/davos-agenda-25-29-january-2021-join-the-conversation\\\/?lang=en#primaryimage\"},\"image\":{\"@id\":\"https:\\\/\\\/bcsdh.hu\\\/news\\\/davos-agenda-25-29-january-2021-join-the-conversation\\\/?lang=en#primaryimage\"},\"thumbnailUrl\":\"https:\\\/\\\/bcsdh.hu\\\/wp-content\\\/uploads\\\/2021\\\/01\\\/10855153_10152495218026479_1785631861829752811_o.jpg\",\"datePublished\":\"2021-01-25T12:44:58+00:00\",\"dateModified\":\"2022-04-30T13:15:48+00:00\",\"author\":{\"@id\":\"https:\\\/\\\/bcsdh.hu\\\/#\\\/schema\\\/person\\\/dc0c8a1a56126d86e722281935c5f5d8\"},\"breadcrumb\":{\"@id\":\"https:\\\/\\\/bcsdh.hu\\\/news\\\/davos-agenda-25-29-january-2021-join-the-conversation\\\/?lang=en#breadcrumb\"},\"inLanguage\":\"en-US\",\"potentialAction\":[{\"@type\":\"ReadAction\",\"target\":[\"https:\\\/\\\/bcsdh.hu\\\/news\\\/davos-agenda-25-29-january-2021-join-the-conversation\\\/?lang=en\"]}]},{\"@type\":\"ImageObject\",\"inLanguage\":\"en-US\",\"@id\":\"https:\\\/\\\/bcsdh.hu\\\/news\\\/davos-agenda-25-29-january-2021-join-the-conversation\\\/?lang=en#primaryimage\",\"url\":\"https:\\\/\\\/bcsdh.hu\\\/wp-content\\\/uploads\\\/2021\\\/01\\\/10855153_10152495218026479_1785631861829752811_o.jpg\",\"contentUrl\":\"https:\\\/\\\/bcsdh.hu\\\/wp-content\\\/uploads\\\/2021\\\/01\\\/10855153_10152495218026479_1785631861829752811_o.jpg\",\"width\":1024,\"height\":614},{\"@type\":\"BreadcrumbList\",\"@id\":\"https:\\\/\\\/bcsdh.hu\\\/news\\\/davos-agenda-25-29-january-2021-join-the-conversation\\\/?lang=en#breadcrumb\",\"itemListElement\":[{\"@type\":\"ListItem\",\"position\":1,\"name\":\"Kezd\u0151lap\",\"item\":\"https:\\\/\\\/bcsdh.hu\\\/en\\\/bcsdh-the-business-council-for-sustainable-development-in-hungary\\\/\"},{\"@type\":\"ListItem\",\"position\":2,\"name\":\"Davos Agenda 25-29. January, 2021 &#8211; Join the conversation\"}]},{\"@type\":\"WebSite\",\"@id\":\"https:\\\/\\\/bcsdh.hu\\\/#website\",\"url\":\"https:\\\/\\\/bcsdh.hu\\\/\",\"name\":\"BCSDH\",\"description\":\"Magyarorsz\u00e1gi \u00dczleti Tan\u00e1cs a Fenntarthat\u00f3 Fejl\u0151d\u00e9s\u00e9rt (BCSDH) az \u00dczleti Vil\u00e1gtan\u00e1cs a Fenntarthat\u00f3 Fejl\u0151d\u00e9s\u00e9rt hazai szervezete.\",\"potentialAction\":[{\"@type\":\"SearchAction\",\"target\":{\"@type\":\"EntryPoint\",\"urlTemplate\":\"https:\\\/\\\/bcsdh.hu\\\/?s={search_term_string}\"},\"query-input\":{\"@type\":\"PropertyValueSpecification\",\"valueRequired\":true,\"valueName\":\"search_term_string\"}}],\"inLanguage\":\"en-US\"},{\"@type\":\"Person\",\"@id\":\"https:\\\/\\\/bcsdh.hu\\\/#\\\/schema\\\/person\\\/dc0c8a1a56126d86e722281935c5f5d8\",\"name\":\"eszter.chikankovacs\",\"url\":\"https:\\\/\\\/bcsdh.hu\\\/en\\\/author\\\/eszter-chikankovacs\\\/\"}]}<\/script>\n<!-- \/ Yoast SEO plugin. -->","yoast_head_json":{"title":"Davos Agenda 25-29. January, 2021 - Join the conversation - BCSDH","robots":{"index":"index","follow":"follow","max-snippet":"max-snippet:-1","max-image-preview":"max-image-preview:large","max-video-preview":"max-video-preview:-1"},"canonical":"https:\/\/bcsdh.hu\/news\/davos-agenda-25-29-january-2021-join-the-conversation\/?lang=en","og_locale":"en_US","og_type":"article","og_title":"Davos Agenda 25-29. January, 2021 - Join the conversation - BCSDH","og_description":"The COVID-19 pandemic has demonstrated that no institution or individual alone can address the economic, environmental, social and technological challenges of our complex, interdependent world. The pandemic has accelerated systemic [&hellip;]","og_url":"https:\/\/bcsdh.hu\/news\/davos-agenda-25-29-january-2021-join-the-conversation\/?lang=en","og_site_name":"BCSDH","article_published_time":"2021-01-25T12:44:58+00:00","article_modified_time":"2022-04-30T13:15:48+00:00","og_image":[{"width":1024,"height":614,"url":"https:\/\/bcsdh.hu\/wp-content\/uploads\/2021\/01\/10855153_10152495218026479_1785631861829752811_o.jpg","type":"image\/jpeg"}],"author":"eszter.chikankovacs","twitter_card":"summary_large_image","twitter_misc":{"Written by":"eszter.chikankovacs","Est. reading time":"2 minutes"},"schema":{"@context":"https:\/\/schema.org","@graph":[{"@type":"Article","@id":"https:\/\/bcsdh.hu\/news\/davos-agenda-25-29-january-2021-join-the-conversation\/?lang=en#article","isPartOf":{"@id":"https:\/\/bcsdh.hu\/news\/davos-agenda-25-29-january-2021-join-the-conversation\/?lang=en"},"author":{"name":"eszter.chikankovacs","@id":"https:\/\/bcsdh.hu\/#\/schema\/person\/dc0c8a1a56126d86e722281935c5f5d8"},"headline":"Davos Agenda 25-29. January, 2021 &#8211; Join the conversation","datePublished":"2021-01-25T12:44:58+00:00","dateModified":"2022-04-30T13:15:48+00:00","mainEntityOfPage":{"@id":"https:\/\/bcsdh.hu\/news\/davos-agenda-25-29-january-2021-join-the-conversation\/?lang=en"},"wordCount":328,"commentCount":0,"image":{"@id":"https:\/\/bcsdh.hu\/news\/davos-agenda-25-29-january-2021-join-the-conversation\/?lang=en#primaryimage"},"thumbnailUrl":"https:\/\/bcsdh.hu\/wp-content\/uploads\/2021\/01\/10855153_10152495218026479_1785631861829752811_o.jpg","articleSection":["News"],"inLanguage":"en-US","potentialAction":[{"@type":"CommentAction","name":"Comment","target":["https:\/\/bcsdh.hu\/news\/davos-agenda-25-29-january-2021-join-the-conversation\/?lang=en#respond"]}]},{"@type":"WebPage","@id":"https:\/\/bcsdh.hu\/news\/davos-agenda-25-29-january-2021-join-the-conversation\/?lang=en","url":"https:\/\/bcsdh.hu\/news\/davos-agenda-25-29-january-2021-join-the-conversation\/?lang=en","name":"Davos Agenda 25-29. January, 2021 - Join the conversation - BCSDH","isPartOf":{"@id":"https:\/\/bcsdh.hu\/#website"},"primaryImageOfPage":{"@id":"https:\/\/bcsdh.hu\/news\/davos-agenda-25-29-january-2021-join-the-conversation\/?lang=en#primaryimage"},"image":{"@id":"https:\/\/bcsdh.hu\/news\/davos-agenda-25-29-january-2021-join-the-conversation\/?lang=en#primaryimage"},"thumbnailUrl":"https:\/\/bcsdh.hu\/wp-content\/uploads\/2021\/01\/10855153_10152495218026479_1785631861829752811_o.jpg","datePublished":"2021-01-25T12:44:58+00:00","dateModified":"2022-04-30T13:15:48+00:00","author":{"@id":"https:\/\/bcsdh.hu\/#\/schema\/person\/dc0c8a1a56126d86e722281935c5f5d8"},"breadcrumb":{"@id":"https:\/\/bcsdh.hu\/news\/davos-agenda-25-29-january-2021-join-the-conversation\/?lang=en#breadcrumb"},"inLanguage":"en-US","potentialAction":[{"@type":"ReadAction","target":["https:\/\/bcsdh.hu\/news\/davos-agenda-25-29-january-2021-join-the-conversation\/?lang=en"]}]},{"@type":"ImageObject","inLanguage":"en-US","@id":"https:\/\/bcsdh.hu\/news\/davos-agenda-25-29-january-2021-join-the-conversation\/?lang=en#primaryimage","url":"https:\/\/bcsdh.hu\/wp-content\/uploads\/2021\/01\/10855153_10152495218026479_1785631861829752811_o.jpg","contentUrl":"https:\/\/bcsdh.hu\/wp-content\/uploads\/2021\/01\/10855153_10152495218026479_1785631861829752811_o.jpg","width":1024,"height":614},{"@type":"BreadcrumbList","@id":"https:\/\/bcsdh.hu\/news\/davos-agenda-25-29-january-2021-join-the-conversation\/?lang=en#breadcrumb","itemListElement":[{"@type":"ListItem","position":1,"name":"Kezd\u0151lap","item":"https:\/\/bcsdh.hu\/en\/bcsdh-the-business-council-for-sustainable-development-in-hungary\/"},{"@type":"ListItem","position":2,"name":"Davos Agenda 25-29. January, 2021 &#8211; Join the conversation"}]},{"@type":"WebSite","@id":"https:\/\/bcsdh.hu\/#website","url":"https:\/\/bcsdh.hu\/","name":"BCSDH","description":"Magyarorsz\u00e1gi \u00dczleti Tan\u00e1cs a Fenntarthat\u00f3 Fejl\u0151d\u00e9s\u00e9rt (BCSDH) az \u00dczleti Vil\u00e1gtan\u00e1cs a Fenntarthat\u00f3 Fejl\u0151d\u00e9s\u00e9rt hazai szervezete.","potentialAction":[{"@type":"SearchAction","target":{"@type":"EntryPoint","urlTemplate":"https:\/\/bcsdh.hu\/?s={search_term_string}"},"query-input":{"@type":"PropertyValueSpecification","valueRequired":true,"valueName":"search_term_string"}}],"inLanguage":"en-US"},{"@type":"Person","@id":"https:\/\/bcsdh.hu\/#\/schema\/person\/dc0c8a1a56126d86e722281935c5f5d8","name":"eszter.chikankovacs","url":"https:\/\/bcsdh.hu\/en\/author\/eszter-chikankovacs\/"}]}},"_links":{"self":[{"href":"https:\/\/bcsdh.hu\/en\/wp-json\/wp\/v2\/posts\/13552","targetHints":{"allow":["GET"]}}],"collection":[{"href":"https:\/\/bcsdh.hu\/en\/wp-json\/wp\/v2\/posts"}],"about":[{"href":"https:\/\/bcsdh.hu\/en\/wp-json\/wp\/v2\/types\/post"}],"author":[{"embeddable":true,"href":"https:\/\/bcsdh.hu\/en\/wp-json\/wp\/v2\/users\/2"}],"replies":[{"embeddable":true,"href":"https:\/\/bcsdh.hu\/en\/wp-json\/wp\/v2\/comments?post=13552"}],"version-history":[{"count":2,"href":"https:\/\/bcsdh.hu\/en\/wp-json\/wp\/v2\/posts\/13552\/revisions"}],"predecessor-version":[{"id":39850,"href":"https:\/\/bcsdh.hu\/en\/wp-json\/wp\/v2\/posts\/13552\/revisions\/39850"}],"wp:featuredmedia":[{"embeddable":true,"href":"https:\/\/bcsdh.hu\/en\/wp-json\/wp\/v2\/media\/37267"}],"wp:attachment":[{"href":"https:\/\/bcsdh.hu\/en\/wp-json\/wp\/v2\/media?parent=13552"}],"wp:term":[{"taxonomy":"category","embeddable":true,"href":"https:\/\/bcsdh.hu\/en\/wp-json\/wp\/v2\/categories?post=13552"},{"taxonomy":"post_tag","embeddable":true,"href":"https:\/\/bcsdh.hu\/en\/wp-json\/wp\/v2\/tags?post=13552"}],"curies":[{"name":"wp","href":"https:\/\/api.w.org\/{rel}","templated":true}]}}