{"id":3007,"date":"2015-02-04T13:58:38","date_gmt":"2015-02-04T12:58:38","guid":{"rendered":"http:\/\/bcsdh.hu\/?p=3007"},"modified":"2015-02-04T13:58:38","modified_gmt":"2015-02-04T12:58:38","slug":"climate-week-paris-2015","status":"publish","type":"post","link":"https:\/\/bcsdh.hu\/en\/news\/climate-week-paris-2015\/","title":{"rendered":"Climate Week Paris 2015"},"content":{"rendered":"<p>&nbsp;<\/p>\n<p>&nbsp;<\/p>\n<p>&nbsp;<\/p>\n<p>&nbsp;<\/p>\n<p>&nbsp;<\/p>\n<p>&nbsp;<\/p>\n<p>&nbsp;<\/p>\n<p style=\"text-align: justify;\">Responding to the United Nations Secretary General\u2019s invitation to take a more active role against climate change, business networks have joined forces to convene CEOs from around the world at the <strong>Business &amp; Climate Summit<\/strong> on 20\/21 May in Paris. The Business &amp; Climate Summit will be the central event of a Paris Climate Week, which will include:<\/p>\n<p style=\"text-align: justify;\">&#8211; On May 19, the second gathering of the <strong>Road-to-Paris<\/strong> partners: WBCSD, IEA, SDSN and IDDRI, with a high-level session the following morning;<\/p>\n<p style=\"text-align: justify;\">&#8211; On May 20, the event &#8220;<strong>Mind the gap, mind the science<\/strong>&#8221; jointly organised by CDP, WWF, WRI, and UN-GC;<\/p>\n<p style=\"text-align: justify;\">&#8211; On May 20 and 21, the <strong>BUSINESS &amp; CLIMATE SUMMIT <\/strong>at Unesco Headquaters, Paris, organised by EpE, Global Compact France, WBCSD, ICC, and IIGCC, along with many other partners;<\/p>\n<p style=\"text-align: justify;\">&#8211; On May 22, <strong>Climate Finance Day<\/strong> will follow and complement the Business &amp; Climate Summit. Organised by Paris Europlace with main sponsors Caisse des D\u00e9p\u00f4ts and EIB. These four events, and probabbly more, offer a unique opportunity for CEOs to meet their peers, stakeholders, and government representatives.<\/p>\n<p style=\"text-align: justify;\">For more information, please mail to contact@businessclimatesummit.com or visit the website: <a href=\"http:\/\/www.businessclimatesummit.com\/?email_id=4&amp;user_id=2&amp;urlpassed=aHR0cDovL3d3dy5idXNpbmVzc2NsaW1hdGVzdW1taXQuY29t&amp;controller=stats&amp;action=analyse&amp;wysija-page=1&amp;wysijap=subscriptions\">www.businessclimatesummit.com<\/a><\/p>\n","protected":false},"excerpt":{"rendered":"<p>&nbsp; &nbsp; &nbsp; &nbsp; &nbsp; &nbsp; &nbsp; Responding to the United Nations Secretary General\u2019s invitation to take a more active role against climate change, business networks have joined forces to [&hellip;]<\/p>\n","protected":false},"author":1,"featured_media":3008,"comment_status":"open","ping_status":"open","sticky":false,"template":"","format":"standard","meta":{"footnotes":""},"categories":[864],"tags":[],"class_list":["post-3007","post","type-post","status-publish","format-standard","has-post-thumbnail","hentry","category-news"],"yoast_head":"<!-- This site is optimized with the Yoast SEO plugin v27.5 - https:\/\/yoast.com\/product\/yoast-seo-wordpress\/ -->\n<title>Climate Week Paris 2015 - BCSDH<\/title>\n<meta name=\"robots\" content=\"index, follow, max-snippet:-1, max-image-preview:large, max-video-preview:-1\" \/>\n<link rel=\"canonical\" href=\"https:\/\/bcsdh.hu\/news\/climate-week-paris-2015\/?lang=en\" \/>\n<meta property=\"og:locale\" content=\"en_US\" \/>\n<meta property=\"og:type\" content=\"article\" \/>\n<meta property=\"og:title\" content=\"Climate Week Paris 2015 - BCSDH\" \/>\n<meta property=\"og:description\" content=\"&nbsp; &nbsp; &nbsp; &nbsp; &nbsp; &nbsp; &nbsp; Responding to the United Nations Secretary General\u2019s invitation to take a more active role against climate change, business networks have joined forces to [&hellip;]\" \/>\n<meta property=\"og:url\" content=\"https:\/\/bcsdh.hu\/news\/climate-week-paris-2015\/?lang=en\" \/>\n<meta property=\"og:site_name\" content=\"BCSDH\" \/>\n<meta property=\"article:published_time\" content=\"2015-02-04T12:58:38+00:00\" \/>\n<meta name=\"author\" content=\"admin\" \/>\n<meta name=\"twitter:card\" content=\"summary_large_image\" \/>\n<meta name=\"twitter:label1\" content=\"Written by\" \/>\n\t<meta name=\"twitter:data1\" content=\"admin\" \/>\n\t<meta name=\"twitter:label2\" content=\"Est. reading time\" \/>\n\t<meta name=\"twitter:data2\" content=\"1 minute\" \/>\n<script type=\"application\/ld+json\" class=\"yoast-schema-graph\">{\"@context\":\"https:\\\/\\\/schema.org\",\"@graph\":[{\"@type\":\"Article\",\"@id\":\"https:\\\/\\\/bcsdh.hu\\\/news\\\/climate-week-paris-2015\\\/?lang=en#article\",\"isPartOf\":{\"@id\":\"https:\\\/\\\/bcsdh.hu\\\/news\\\/climate-week-paris-2015\\\/?lang=en\"},\"author\":{\"name\":\"admin\",\"@id\":\"https:\\\/\\\/bcsdh.hu\\\/#\\\/schema\\\/person\\\/b1e5bda87b4c144504e5240f60951716\"},\"headline\":\"Climate Week Paris 2015\",\"datePublished\":\"2015-02-04T12:58:38+00:00\",\"mainEntityOfPage\":{\"@id\":\"https:\\\/\\\/bcsdh.hu\\\/news\\\/climate-week-paris-2015\\\/?lang=en\"},\"wordCount\":202,\"commentCount\":0,\"image\":{\"@id\":\"https:\\\/\\\/bcsdh.hu\\\/news\\\/climate-week-paris-2015\\\/?lang=en#primaryimage\"},\"thumbnailUrl\":\"\",\"articleSection\":[\"News\"],\"inLanguage\":\"en-US\",\"potentialAction\":[{\"@type\":\"CommentAction\",\"name\":\"Comment\",\"target\":[\"https:\\\/\\\/bcsdh.hu\\\/news\\\/climate-week-paris-2015\\\/?lang=en#respond\"]}]},{\"@type\":\"WebPage\",\"@id\":\"https:\\\/\\\/bcsdh.hu\\\/news\\\/climate-week-paris-2015\\\/?lang=en\",\"url\":\"https:\\\/\\\/bcsdh.hu\\\/news\\\/climate-week-paris-2015\\\/?lang=en\",\"name\":\"Climate Week Paris 2015 - BCSDH\",\"isPartOf\":{\"@id\":\"https:\\\/\\\/bcsdh.hu\\\/#website\"},\"primaryImageOfPage\":{\"@id\":\"https:\\\/\\\/bcsdh.hu\\\/news\\\/climate-week-paris-2015\\\/?lang=en#primaryimage\"},\"image\":{\"@id\":\"https:\\\/\\\/bcsdh.hu\\\/news\\\/climate-week-paris-2015\\\/?lang=en#primaryimage\"},\"thumbnailUrl\":\"\",\"datePublished\":\"2015-02-04T12:58:38+00:00\",\"author\":{\"@id\":\"https:\\\/\\\/bcsdh.hu\\\/#\\\/schema\\\/person\\\/b1e5bda87b4c144504e5240f60951716\"},\"breadcrumb\":{\"@id\":\"https:\\\/\\\/bcsdh.hu\\\/news\\\/climate-week-paris-2015\\\/?lang=en#breadcrumb\"},\"inLanguage\":\"en-US\",\"potentialAction\":[{\"@type\":\"ReadAction\",\"target\":[\"https:\\\/\\\/bcsdh.hu\\\/news\\\/climate-week-paris-2015\\\/?lang=en\"]}]},{\"@type\":\"ImageObject\",\"inLanguage\":\"en-US\",\"@id\":\"https:\\\/\\\/bcsdh.hu\\\/news\\\/climate-week-paris-2015\\\/?lang=en#primaryimage\",\"url\":\"\",\"contentUrl\":\"\"},{\"@type\":\"BreadcrumbList\",\"@id\":\"https:\\\/\\\/bcsdh.hu\\\/news\\\/climate-week-paris-2015\\\/?lang=en#breadcrumb\",\"itemListElement\":[{\"@type\":\"ListItem\",\"position\":1,\"name\":\"Kezd\u0151lap\",\"item\":\"https:\\\/\\\/bcsdh.hu\\\/en\\\/bcsdh-the-business-council-for-sustainable-development-in-hungary\\\/\"},{\"@type\":\"ListItem\",\"position\":2,\"name\":\"Climate Week Paris 2015\"}]},{\"@type\":\"WebSite\",\"@id\":\"https:\\\/\\\/bcsdh.hu\\\/#website\",\"url\":\"https:\\\/\\\/bcsdh.hu\\\/\",\"name\":\"BCSDH\",\"description\":\"Magyarorsz\u00e1gi \u00dczleti Tan\u00e1cs a Fenntarthat\u00f3 Fejl\u0151d\u00e9s\u00e9rt (BCSDH) az \u00dczleti Vil\u00e1gtan\u00e1cs a Fenntarthat\u00f3 Fejl\u0151d\u00e9s\u00e9rt hazai szervezete.\",\"potentialAction\":[{\"@type\":\"SearchAction\",\"target\":{\"@type\":\"EntryPoint\",\"urlTemplate\":\"https:\\\/\\\/bcsdh.hu\\\/?s={search_term_string}\"},\"query-input\":{\"@type\":\"PropertyValueSpecification\",\"valueRequired\":true,\"valueName\":\"search_term_string\"}}],\"inLanguage\":\"en-US\"},{\"@type\":\"Person\",\"@id\":\"https:\\\/\\\/bcsdh.hu\\\/#\\\/schema\\\/person\\\/b1e5bda87b4c144504e5240f60951716\",\"name\":\"admin\",\"sameAs\":[\"https:\\\/\\\/bcsdh.hu\"],\"url\":\"https:\\\/\\\/bcsdh.hu\\\/en\\\/author\\\/admin\\\/\"}]}<\/script>\n<!-- \/ Yoast SEO plugin. -->","yoast_head_json":{"title":"Climate Week Paris 2015 - BCSDH","robots":{"index":"index","follow":"follow","max-snippet":"max-snippet:-1","max-image-preview":"max-image-preview:large","max-video-preview":"max-video-preview:-1"},"canonical":"https:\/\/bcsdh.hu\/news\/climate-week-paris-2015\/?lang=en","og_locale":"en_US","og_type":"article","og_title":"Climate Week Paris 2015 - BCSDH","og_description":"&nbsp; &nbsp; &nbsp; &nbsp; &nbsp; &nbsp; &nbsp; Responding to the United Nations Secretary General\u2019s invitation to take a more active role against climate change, business networks have joined forces to [&hellip;]","og_url":"https:\/\/bcsdh.hu\/news\/climate-week-paris-2015\/?lang=en","og_site_name":"BCSDH","article_published_time":"2015-02-04T12:58:38+00:00","author":"admin","twitter_card":"summary_large_image","twitter_misc":{"Written by":"admin","Est. reading time":"1 minute"},"schema":{"@context":"https:\/\/schema.org","@graph":[{"@type":"Article","@id":"https:\/\/bcsdh.hu\/news\/climate-week-paris-2015\/?lang=en#article","isPartOf":{"@id":"https:\/\/bcsdh.hu\/news\/climate-week-paris-2015\/?lang=en"},"author":{"name":"admin","@id":"https:\/\/bcsdh.hu\/#\/schema\/person\/b1e5bda87b4c144504e5240f60951716"},"headline":"Climate Week Paris 2015","datePublished":"2015-02-04T12:58:38+00:00","mainEntityOfPage":{"@id":"https:\/\/bcsdh.hu\/news\/climate-week-paris-2015\/?lang=en"},"wordCount":202,"commentCount":0,"image":{"@id":"https:\/\/bcsdh.hu\/news\/climate-week-paris-2015\/?lang=en#primaryimage"},"thumbnailUrl":"","articleSection":["News"],"inLanguage":"en-US","potentialAction":[{"@type":"CommentAction","name":"Comment","target":["https:\/\/bcsdh.hu\/news\/climate-week-paris-2015\/?lang=en#respond"]}]},{"@type":"WebPage","@id":"https:\/\/bcsdh.hu\/news\/climate-week-paris-2015\/?lang=en","url":"https:\/\/bcsdh.hu\/news\/climate-week-paris-2015\/?lang=en","name":"Climate Week Paris 2015 - BCSDH","isPartOf":{"@id":"https:\/\/bcsdh.hu\/#website"},"primaryImageOfPage":{"@id":"https:\/\/bcsdh.hu\/news\/climate-week-paris-2015\/?lang=en#primaryimage"},"image":{"@id":"https:\/\/bcsdh.hu\/news\/climate-week-paris-2015\/?lang=en#primaryimage"},"thumbnailUrl":"","datePublished":"2015-02-04T12:58:38+00:00","author":{"@id":"https:\/\/bcsdh.hu\/#\/schema\/person\/b1e5bda87b4c144504e5240f60951716"},"breadcrumb":{"@id":"https:\/\/bcsdh.hu\/news\/climate-week-paris-2015\/?lang=en#breadcrumb"},"inLanguage":"en-US","potentialAction":[{"@type":"ReadAction","target":["https:\/\/bcsdh.hu\/news\/climate-week-paris-2015\/?lang=en"]}]},{"@type":"ImageObject","inLanguage":"en-US","@id":"https:\/\/bcsdh.hu\/news\/climate-week-paris-2015\/?lang=en#primaryimage","url":"","contentUrl":""},{"@type":"BreadcrumbList","@id":"https:\/\/bcsdh.hu\/news\/climate-week-paris-2015\/?lang=en#breadcrumb","itemListElement":[{"@type":"ListItem","position":1,"name":"Kezd\u0151lap","item":"https:\/\/bcsdh.hu\/en\/bcsdh-the-business-council-for-sustainable-development-in-hungary\/"},{"@type":"ListItem","position":2,"name":"Climate Week Paris 2015"}]},{"@type":"WebSite","@id":"https:\/\/bcsdh.hu\/#website","url":"https:\/\/bcsdh.hu\/","name":"BCSDH","description":"Magyarorsz\u00e1gi \u00dczleti Tan\u00e1cs a Fenntarthat\u00f3 Fejl\u0151d\u00e9s\u00e9rt (BCSDH) az \u00dczleti Vil\u00e1gtan\u00e1cs a Fenntarthat\u00f3 Fejl\u0151d\u00e9s\u00e9rt hazai szervezete.","potentialAction":[{"@type":"SearchAction","target":{"@type":"EntryPoint","urlTemplate":"https:\/\/bcsdh.hu\/?s={search_term_string}"},"query-input":{"@type":"PropertyValueSpecification","valueRequired":true,"valueName":"search_term_string"}}],"inLanguage":"en-US"},{"@type":"Person","@id":"https:\/\/bcsdh.hu\/#\/schema\/person\/b1e5bda87b4c144504e5240f60951716","name":"admin","sameAs":["https:\/\/bcsdh.hu"],"url":"https:\/\/bcsdh.hu\/en\/author\/admin\/"}]}},"_links":{"self":[{"href":"https:\/\/bcsdh.hu\/en\/wp-json\/wp\/v2\/posts\/3007","targetHints":{"allow":["GET"]}}],"collection":[{"href":"https:\/\/bcsdh.hu\/en\/wp-json\/wp\/v2\/posts"}],"about":[{"href":"https:\/\/bcsdh.hu\/en\/wp-json\/wp\/v2\/types\/post"}],"author":[{"embeddable":true,"href":"https:\/\/bcsdh.hu\/en\/wp-json\/wp\/v2\/users\/1"}],"replies":[{"embeddable":true,"href":"https:\/\/bcsdh.hu\/en\/wp-json\/wp\/v2\/comments?post=3007"}],"version-history":[{"count":0,"href":"https:\/\/bcsdh.hu\/en\/wp-json\/wp\/v2\/posts\/3007\/revisions"}],"wp:featuredmedia":[{"embeddable":true,"href":"https:\/\/bcsdh.hu\/en\/wp-json\/"}],"wp:attachment":[{"href":"https:\/\/bcsdh.hu\/en\/wp-json\/wp\/v2\/media?parent=3007"}],"wp:term":[{"taxonomy":"category","embeddable":true,"href":"https:\/\/bcsdh.hu\/en\/wp-json\/wp\/v2\/categories?post=3007"},{"taxonomy":"post_tag","embeddable":true,"href":"https:\/\/bcsdh.hu\/en\/wp-json\/wp\/v2\/tags?post=3007"}],"curies":[{"name":"wp","href":"https:\/\/api.w.org\/{rel}","templated":true}]}}