{"id":52006,"date":"2023-05-20T21:58:56","date_gmt":"2023-05-20T19:58:56","guid":{"rendered":"https:\/\/bcsdh.hu\/?p=52006"},"modified":"2023-05-31T09:25:15","modified_gmt":"2023-05-31T07:25:15","slug":"dont-throw-out-food-plan-smarter-instead-nestle-and-spars-latest-awareness-raising-guide-is-out-now","status":"publish","type":"post","link":"https:\/\/bcsdh.hu\/en\/member-news\/dont-throw-out-food-plan-smarter-instead-nestle-and-spars-latest-awareness-raising-guide-is-out-now\/","title":{"rendered":"Don\u2019t throw out food, plan smarter instead \u2013 Nestl\u00e9 and SPAR\u2019s latest awareness-raising guide is out now"},"content":{"rendered":"<p><strong>In Hungary, most food waste is generated by households. This means an average of 65 kilograms of waste food per year.<\/strong><a href=\"#_ftn1\" name=\"_ftnref1\"><strong>[1]<\/strong><\/a><strong> Consumer decisions that are not conscious of this not only make it harder to save money, but also contribute to greenhouse gas emissions which essentially fuel climate change. Nestl\u00e9 Hung\u00e1ria and SPAR\u2019s jointly released handbook \u2018<em>Tervezz okosan!<\/em>\u2019 (Plan smarter!) supports the formation of environmentally conscious consumer habits by providing gap-filling information and budget-friendly tips.<\/strong><\/p>\n<p>Every year about 1.8 tonnes of food waste is generated in Hungary and a family of four puts approximately 50 thousand forints worth of unnecessarily purchased food into the bin.<a href=\"#_ftn1\" name=\"_ftnref1\">[2]<\/a>\u00a0 This wasteful attitude makes it harder to fight starvation and increases greenhouse gas emissions by at least 10 percent,<a href=\"#_ftn2\" name=\"_ftnref2\">[3]<\/a> which could be avoided with a little bit of effort.<\/p>\n<p>Nestl\u00e9 Hung\u00e1ria and SPAR Hungary\u2019s jointly released handbook offers guidance on how to maintain a sustainable diet and reduce food waste. The \u2018<em>Tervezz okosan!<\/em>\u2019 (Plan smarter!) handbook provides useful tips on how to store food properly, delay expiration, learn environmentally-conscious shopping habits, and sorted (selective) waste collection. Thanks to this handbook customers can learn about the fruit and vegetables currently in season, what the different tags and signs on products mean, how long some of them can be stored for past their expiry date, and what types of plastics are recyclable. This way shoppers can make more conscious consumer decisions, learn how to save money and energy by being environmentally-friendly, and support the small producers of the Hungarian agriculture scene.<\/p>\n<p><strong>Together for more sustainable customer choices <\/strong><\/p>\n<p>This isn\u2019t the first time Nestl\u00e9 has released a book to raise awareness. In 2019 they published their first handbook on selective waste collection followed by a joint summary with SPAR called \u2018<em>Hogyan legyek k\u00f6rnyezettudatos v\u00e1s\u00e1rl\u00f3?\u2019<\/em> (How to become an environmentally-conscious customer?) which provided advice on maintaining a sustainable lifestyle. This year\u2019s handbook is the next step in this cooperation, with an expanded list of topics and food waste featured as one of the focus areas.<\/p>\n<p>\u201c<em>Nowadays it is a rarity to find a professional partnership that creates value as Nestl\u00e9\u2019s and SPAR\u2019s cooperation does. Our aim is to show that we are stronger together and if we combine our resources, we can create real and positive changes,\u201d<\/em> said No\u00e9mi Cs\u00f3ka, corporate communications manager at Nestl\u00e9. \u201c<em>Our latest handbook is available not only online or as an appendix in other magazines, but also in SPAR stores so it can reach a wider audience of shoppers than ever before.<\/em>\u201d<\/p>\n<p>Using the booklet as a source, the two companies launched a school challenge in 2021 to enable students to learn more about the basics of an environmentally conscious lifestyle and selective waste collection. \u201c<em>The popularity of our initiative has proved that there is a need for education on environmentally conscious lifestyles, and it provides a tool to show the way to future generations as well<\/em>,\u201d summarised M\u00e1rk Maczelka, head of communications at SPAR Hungary. \u201c<em>Therefore, we launched the school challenge again this year in partnership with Nestl\u00e9 and we provide applicants with useful tools to learn environmentally friendly attitudes,<\/em>\u201d he added.<\/p>\n<p><strong>Multi-platform initiative<\/strong><\/p>\n<p>The <a href=\"https:\/\/www.nestle.hu\/tervezzokosan-kihivas\">school campaign<\/a> with valuable prizes is just the beginning. The companies aim to spread the environmentally-conscious views to a wider audience, as a pre-condition of a sustainable future is that all sections of society and age groups are invested in. To achieve this, the contents of the \u2018<em>Tervezz okosan!<\/em>\u2019 (Plan smarter!) handbooks will be distributed in different magazines and via online platforms as well.<\/p>\n<p>The <em>Tervezz okosan!<\/em> (Plan smarter!) handbook is available on the <a href=\"http:\/\/www.nestle.hu\/tervezzokosan\">www.nestle.hu\/tervezzokosan<\/a> and <a href=\"http:\/\/www.sparafenntarthatojovoert.hu\/tervezzokosan\">www.sparafenntarthatojovoert.hu\/tervezzokosan<\/a> websites and will also be accessible in printed format in selected SPAR and INTERSPAR stores at a later stage.\u00a0<a href=\"#_ftnref1\" name=\"_ftn1\"><\/a><\/p>\n<p>[1] Source: <a href=\"https:\/\/maradeknelkul.hu\/\">https:\/\/maradeknelkul.hu\/<\/a><\/p>\n<p>[2] Source: <a href=\"https:\/\/maradeknelkul.hu\/\">https:\/\/maradeknelkul.hu\/<\/a><\/p>\n<p>[3] Source:\u00a0 <a href=\"https:\/\/www.elelmiszerbank.hu\/hu\/hirek\/hireink\/4_millio_kilo_elelmiszert_mentettunk_2022_elso_feleben.html\">https:\/\/www.elelmiszerbank.hu\/hu\/hirek\/hireink\/4_millio_kilo_elelmiszert_mentettunk_2022_elso_feleben.html<\/a><\/p>\n<p><img decoding=\"async\" class=\"aligncenter wp-image-52003 size-full lazyload\" data-src=\"https:\/\/bcsdh.hu\/wp-content\/uploads\/2023\/05\/spar_1-scaled.jpg\" alt=\"\" width=\"1810\" height=\"2560\" data-srcset=\"https:\/\/bcsdh.hu\/wp-content\/uploads\/2023\/05\/spar_1-scaled.jpg 1810w, https:\/\/bcsdh.hu\/wp-content\/uploads\/2023\/05\/spar_1-120x170.jpg 120w, https:\/\/bcsdh.hu\/wp-content\/uploads\/2023\/05\/spar_1-728x1030.jpg 728w, https:\/\/bcsdh.hu\/wp-content\/uploads\/2023\/05\/spar_1-768x1086.jpg 768w, https:\/\/bcsdh.hu\/wp-content\/uploads\/2023\/05\/spar_1-1086x1536.jpg 1086w, https:\/\/bcsdh.hu\/wp-content\/uploads\/2023\/05\/spar_1-1061x1500.jpg 1061w, https:\/\/bcsdh.hu\/wp-content\/uploads\/2023\/05\/spar_1-499x705.jpg 499w\" data-sizes=\"(max-width: 1810px) 100vw, 1810px\" src=\"data:image\/svg+xml;base64,PHN2ZyB3aWR0aD0iMSIgaGVpZ2h0PSIxIiB4bWxucz0iaHR0cDovL3d3dy53My5vcmcvMjAwMC9zdmciPjwvc3ZnPg==\" style=\"--smush-placeholder-width: 1810px; --smush-placeholder-aspect-ratio: 1810\/2560;\" \/><\/p>\n","protected":false},"excerpt":{"rendered":"<p>In Hungary, most food waste is generated by households. This means an average of 65 kilograms of waste food per year.[1] Consumer decisions that are not conscious of this not [&hellip;]<\/p>\n","protected":false},"author":4,"featured_media":38745,"comment_status":"closed","ping_status":"closed","sticky":false,"template":"","format":"standard","meta":{"footnotes":""},"categories":[54],"tags":[],"class_list":["post-52006","post","type-post","status-publish","format-standard","has-post-thumbnail","hentry","category-member-news"],"yoast_head":"<!-- This site is optimized with the Yoast SEO plugin v27.5 - https:\/\/yoast.com\/product\/yoast-seo-wordpress\/ -->\n<title>Don\u2019t throw out food, plan smarter instead \u2013 Nestl\u00e9 and SPAR\u2019s latest awareness-raising guide is out now - BCSDH<\/title>\n<meta name=\"robots\" content=\"index, follow, max-snippet:-1, max-image-preview:large, max-video-preview:-1\" \/>\n<link rel=\"canonical\" href=\"https:\/\/bcsdh.hu\/en\/member-news\/dont-throw-out-food-plan-smarter-instead-nestle-and-spars-latest-awareness-raising-guide-is-out-now\/\" \/>\n<meta property=\"og:locale\" content=\"en_US\" \/>\n<meta property=\"og:type\" content=\"article\" \/>\n<meta property=\"og:title\" content=\"Don\u2019t throw out food, plan smarter instead \u2013 Nestl\u00e9 and SPAR\u2019s latest awareness-raising guide is out now - BCSDH\" \/>\n<meta property=\"og:description\" content=\"In Hungary, most food waste is generated by households. This means an average of 65 kilograms of waste food per year.[1] Consumer decisions that are not conscious of this not [&hellip;]\" \/>\n<meta property=\"og:url\" content=\"https:\/\/bcsdh.hu\/en\/member-news\/dont-throw-out-food-plan-smarter-instead-nestle-and-spars-latest-awareness-raising-guide-is-out-now\/\" \/>\n<meta property=\"og:site_name\" content=\"BCSDH\" \/>\n<meta property=\"article:published_time\" content=\"2023-05-20T19:58:56+00:00\" \/>\n<meta property=\"article:modified_time\" content=\"2023-05-31T07:25:15+00:00\" \/>\n<meta property=\"og:image\" content=\"https:\/\/bcsdh.hu\/wp-content\/uploads\/2022\/01\/spar.png\" \/>\n\t<meta property=\"og:image:width\" content=\"450\" \/>\n\t<meta property=\"og:image:height\" content=\"170\" \/>\n\t<meta property=\"og:image:type\" content=\"image\/png\" \/>\n<meta name=\"author\" content=\"Balasfalvi-Lukacsi Mariann\" \/>\n<meta name=\"twitter:card\" content=\"summary_large_image\" \/>\n<meta name=\"twitter:label1\" content=\"Written by\" \/>\n\t<meta name=\"twitter:data1\" content=\"Balasfalvi-Lukacsi Mariann\" \/>\n\t<meta name=\"twitter:label2\" content=\"Est. reading time\" \/>\n\t<meta name=\"twitter:data2\" content=\"4 minutes\" \/>\n<script type=\"application\/ld+json\" class=\"yoast-schema-graph\">{\"@context\":\"https:\\\/\\\/schema.org\",\"@graph\":[{\"@type\":\"Article\",\"@id\":\"https:\\\/\\\/bcsdh.hu\\\/en\\\/member-news\\\/dont-throw-out-food-plan-smarter-instead-nestle-and-spars-latest-awareness-raising-guide-is-out-now\\\/#article\",\"isPartOf\":{\"@id\":\"https:\\\/\\\/bcsdh.hu\\\/en\\\/member-news\\\/dont-throw-out-food-plan-smarter-instead-nestle-and-spars-latest-awareness-raising-guide-is-out-now\\\/\"},\"author\":{\"name\":\"Balasfalvi-Lukacsi Mariann\",\"@id\":\"https:\\\/\\\/bcsdh.hu\\\/#\\\/schema\\\/person\\\/34a22f1b63367fd1b15e53206e72b358\"},\"headline\":\"Don\u2019t throw out food, plan smarter instead \u2013 Nestl\u00e9 and SPAR\u2019s latest awareness-raising guide is out now\",\"datePublished\":\"2023-05-20T19:58:56+00:00\",\"dateModified\":\"2023-05-31T07:25:15+00:00\",\"mainEntityOfPage\":{\"@id\":\"https:\\\/\\\/bcsdh.hu\\\/en\\\/member-news\\\/dont-throw-out-food-plan-smarter-instead-nestle-and-spars-latest-awareness-raising-guide-is-out-now\\\/\"},\"wordCount\":673,\"image\":{\"@id\":\"https:\\\/\\\/bcsdh.hu\\\/en\\\/member-news\\\/dont-throw-out-food-plan-smarter-instead-nestle-and-spars-latest-awareness-raising-guide-is-out-now\\\/#primaryimage\"},\"thumbnailUrl\":\"https:\\\/\\\/bcsdh.hu\\\/wp-content\\\/uploads\\\/2022\\\/01\\\/spar.png\",\"articleSection\":[\"Member News\"],\"inLanguage\":\"en-US\"},{\"@type\":\"WebPage\",\"@id\":\"https:\\\/\\\/bcsdh.hu\\\/en\\\/member-news\\\/dont-throw-out-food-plan-smarter-instead-nestle-and-spars-latest-awareness-raising-guide-is-out-now\\\/\",\"url\":\"https:\\\/\\\/bcsdh.hu\\\/en\\\/member-news\\\/dont-throw-out-food-plan-smarter-instead-nestle-and-spars-latest-awareness-raising-guide-is-out-now\\\/\",\"name\":\"Don\u2019t throw out food, plan smarter instead \u2013 Nestl\u00e9 and SPAR\u2019s latest awareness-raising guide is out now - BCSDH\",\"isPartOf\":{\"@id\":\"https:\\\/\\\/bcsdh.hu\\\/#website\"},\"primaryImageOfPage\":{\"@id\":\"https:\\\/\\\/bcsdh.hu\\\/en\\\/member-news\\\/dont-throw-out-food-plan-smarter-instead-nestle-and-spars-latest-awareness-raising-guide-is-out-now\\\/#primaryimage\"},\"image\":{\"@id\":\"https:\\\/\\\/bcsdh.hu\\\/en\\\/member-news\\\/dont-throw-out-food-plan-smarter-instead-nestle-and-spars-latest-awareness-raising-guide-is-out-now\\\/#primaryimage\"},\"thumbnailUrl\":\"https:\\\/\\\/bcsdh.hu\\\/wp-content\\\/uploads\\\/2022\\\/01\\\/spar.png\",\"datePublished\":\"2023-05-20T19:58:56+00:00\",\"dateModified\":\"2023-05-31T07:25:15+00:00\",\"author\":{\"@id\":\"https:\\\/\\\/bcsdh.hu\\\/#\\\/schema\\\/person\\\/34a22f1b63367fd1b15e53206e72b358\"},\"breadcrumb\":{\"@id\":\"https:\\\/\\\/bcsdh.hu\\\/en\\\/member-news\\\/dont-throw-out-food-plan-smarter-instead-nestle-and-spars-latest-awareness-raising-guide-is-out-now\\\/#breadcrumb\"},\"inLanguage\":\"en-US\",\"potentialAction\":[{\"@type\":\"ReadAction\",\"target\":[\"https:\\\/\\\/bcsdh.hu\\\/en\\\/member-news\\\/dont-throw-out-food-plan-smarter-instead-nestle-and-spars-latest-awareness-raising-guide-is-out-now\\\/\"]}]},{\"@type\":\"ImageObject\",\"inLanguage\":\"en-US\",\"@id\":\"https:\\\/\\\/bcsdh.hu\\\/en\\\/member-news\\\/dont-throw-out-food-plan-smarter-instead-nestle-and-spars-latest-awareness-raising-guide-is-out-now\\\/#primaryimage\",\"url\":\"https:\\\/\\\/bcsdh.hu\\\/wp-content\\\/uploads\\\/2022\\\/01\\\/spar.png\",\"contentUrl\":\"https:\\\/\\\/bcsdh.hu\\\/wp-content\\\/uploads\\\/2022\\\/01\\\/spar.png\",\"width\":450,\"height\":170},{\"@type\":\"BreadcrumbList\",\"@id\":\"https:\\\/\\\/bcsdh.hu\\\/en\\\/member-news\\\/dont-throw-out-food-plan-smarter-instead-nestle-and-spars-latest-awareness-raising-guide-is-out-now\\\/#breadcrumb\",\"itemListElement\":[{\"@type\":\"ListItem\",\"position\":1,\"name\":\"Kezd\u0151lap\",\"item\":\"https:\\\/\\\/bcsdh.hu\\\/en\\\/bcsdh-the-business-council-for-sustainable-development-in-hungary\\\/\"},{\"@type\":\"ListItem\",\"position\":2,\"name\":\"Don\u2019t throw out food, plan smarter instead \u2013 Nestl\u00e9 and SPAR\u2019s latest awareness-raising guide is out now\"}]},{\"@type\":\"WebSite\",\"@id\":\"https:\\\/\\\/bcsdh.hu\\\/#website\",\"url\":\"https:\\\/\\\/bcsdh.hu\\\/\",\"name\":\"BCSDH\",\"description\":\"Magyarorsz\u00e1gi \u00dczleti Tan\u00e1cs a Fenntarthat\u00f3 Fejl\u0151d\u00e9s\u00e9rt (BCSDH) az \u00dczleti Vil\u00e1gtan\u00e1cs a Fenntarthat\u00f3 Fejl\u0151d\u00e9s\u00e9rt hazai szervezete.\",\"potentialAction\":[{\"@type\":\"SearchAction\",\"target\":{\"@type\":\"EntryPoint\",\"urlTemplate\":\"https:\\\/\\\/bcsdh.hu\\\/?s={search_term_string}\"},\"query-input\":{\"@type\":\"PropertyValueSpecification\",\"valueRequired\":true,\"valueName\":\"search_term_string\"}}],\"inLanguage\":\"en-US\"},{\"@type\":\"Person\",\"@id\":\"https:\\\/\\\/bcsdh.hu\\\/#\\\/schema\\\/person\\\/34a22f1b63367fd1b15e53206e72b358\",\"name\":\"Balasfalvi-Lukacsi Mariann\",\"url\":\"https:\\\/\\\/bcsdh.hu\\\/en\\\/author\\\/balasfalvi-lukacsi-mariann\\\/\"}]}<\/script>\n<!-- \/ Yoast SEO plugin. -->","yoast_head_json":{"title":"Don\u2019t throw out food, plan smarter instead \u2013 Nestl\u00e9 and SPAR\u2019s latest awareness-raising guide is out now - BCSDH","robots":{"index":"index","follow":"follow","max-snippet":"max-snippet:-1","max-image-preview":"max-image-preview:large","max-video-preview":"max-video-preview:-1"},"canonical":"https:\/\/bcsdh.hu\/en\/member-news\/dont-throw-out-food-plan-smarter-instead-nestle-and-spars-latest-awareness-raising-guide-is-out-now\/","og_locale":"en_US","og_type":"article","og_title":"Don\u2019t throw out food, plan smarter instead \u2013 Nestl\u00e9 and SPAR\u2019s latest awareness-raising guide is out now - BCSDH","og_description":"In Hungary, most food waste is generated by households. This means an average of 65 kilograms of waste food per year.[1] Consumer decisions that are not conscious of this not [&hellip;]","og_url":"https:\/\/bcsdh.hu\/en\/member-news\/dont-throw-out-food-plan-smarter-instead-nestle-and-spars-latest-awareness-raising-guide-is-out-now\/","og_site_name":"BCSDH","article_published_time":"2023-05-20T19:58:56+00:00","article_modified_time":"2023-05-31T07:25:15+00:00","og_image":[{"width":450,"height":170,"url":"https:\/\/bcsdh.hu\/wp-content\/uploads\/2022\/01\/spar.png","type":"image\/png"}],"author":"Balasfalvi-Lukacsi Mariann","twitter_card":"summary_large_image","twitter_misc":{"Written by":"Balasfalvi-Lukacsi Mariann","Est. reading time":"4 minutes"},"schema":{"@context":"https:\/\/schema.org","@graph":[{"@type":"Article","@id":"https:\/\/bcsdh.hu\/en\/member-news\/dont-throw-out-food-plan-smarter-instead-nestle-and-spars-latest-awareness-raising-guide-is-out-now\/#article","isPartOf":{"@id":"https:\/\/bcsdh.hu\/en\/member-news\/dont-throw-out-food-plan-smarter-instead-nestle-and-spars-latest-awareness-raising-guide-is-out-now\/"},"author":{"name":"Balasfalvi-Lukacsi Mariann","@id":"https:\/\/bcsdh.hu\/#\/schema\/person\/34a22f1b63367fd1b15e53206e72b358"},"headline":"Don\u2019t throw out food, plan smarter instead \u2013 Nestl\u00e9 and SPAR\u2019s latest awareness-raising guide is out now","datePublished":"2023-05-20T19:58:56+00:00","dateModified":"2023-05-31T07:25:15+00:00","mainEntityOfPage":{"@id":"https:\/\/bcsdh.hu\/en\/member-news\/dont-throw-out-food-plan-smarter-instead-nestle-and-spars-latest-awareness-raising-guide-is-out-now\/"},"wordCount":673,"image":{"@id":"https:\/\/bcsdh.hu\/en\/member-news\/dont-throw-out-food-plan-smarter-instead-nestle-and-spars-latest-awareness-raising-guide-is-out-now\/#primaryimage"},"thumbnailUrl":"https:\/\/bcsdh.hu\/wp-content\/uploads\/2022\/01\/spar.png","articleSection":["Member News"],"inLanguage":"en-US"},{"@type":"WebPage","@id":"https:\/\/bcsdh.hu\/en\/member-news\/dont-throw-out-food-plan-smarter-instead-nestle-and-spars-latest-awareness-raising-guide-is-out-now\/","url":"https:\/\/bcsdh.hu\/en\/member-news\/dont-throw-out-food-plan-smarter-instead-nestle-and-spars-latest-awareness-raising-guide-is-out-now\/","name":"Don\u2019t throw out food, plan smarter instead \u2013 Nestl\u00e9 and SPAR\u2019s latest awareness-raising guide is out now - BCSDH","isPartOf":{"@id":"https:\/\/bcsdh.hu\/#website"},"primaryImageOfPage":{"@id":"https:\/\/bcsdh.hu\/en\/member-news\/dont-throw-out-food-plan-smarter-instead-nestle-and-spars-latest-awareness-raising-guide-is-out-now\/#primaryimage"},"image":{"@id":"https:\/\/bcsdh.hu\/en\/member-news\/dont-throw-out-food-plan-smarter-instead-nestle-and-spars-latest-awareness-raising-guide-is-out-now\/#primaryimage"},"thumbnailUrl":"https:\/\/bcsdh.hu\/wp-content\/uploads\/2022\/01\/spar.png","datePublished":"2023-05-20T19:58:56+00:00","dateModified":"2023-05-31T07:25:15+00:00","author":{"@id":"https:\/\/bcsdh.hu\/#\/schema\/person\/34a22f1b63367fd1b15e53206e72b358"},"breadcrumb":{"@id":"https:\/\/bcsdh.hu\/en\/member-news\/dont-throw-out-food-plan-smarter-instead-nestle-and-spars-latest-awareness-raising-guide-is-out-now\/#breadcrumb"},"inLanguage":"en-US","potentialAction":[{"@type":"ReadAction","target":["https:\/\/bcsdh.hu\/en\/member-news\/dont-throw-out-food-plan-smarter-instead-nestle-and-spars-latest-awareness-raising-guide-is-out-now\/"]}]},{"@type":"ImageObject","inLanguage":"en-US","@id":"https:\/\/bcsdh.hu\/en\/member-news\/dont-throw-out-food-plan-smarter-instead-nestle-and-spars-latest-awareness-raising-guide-is-out-now\/#primaryimage","url":"https:\/\/bcsdh.hu\/wp-content\/uploads\/2022\/01\/spar.png","contentUrl":"https:\/\/bcsdh.hu\/wp-content\/uploads\/2022\/01\/spar.png","width":450,"height":170},{"@type":"BreadcrumbList","@id":"https:\/\/bcsdh.hu\/en\/member-news\/dont-throw-out-food-plan-smarter-instead-nestle-and-spars-latest-awareness-raising-guide-is-out-now\/#breadcrumb","itemListElement":[{"@type":"ListItem","position":1,"name":"Kezd\u0151lap","item":"https:\/\/bcsdh.hu\/en\/bcsdh-the-business-council-for-sustainable-development-in-hungary\/"},{"@type":"ListItem","position":2,"name":"Don\u2019t throw out food, plan smarter instead \u2013 Nestl\u00e9 and SPAR\u2019s latest awareness-raising guide is out now"}]},{"@type":"WebSite","@id":"https:\/\/bcsdh.hu\/#website","url":"https:\/\/bcsdh.hu\/","name":"BCSDH","description":"Magyarorsz\u00e1gi \u00dczleti Tan\u00e1cs a Fenntarthat\u00f3 Fejl\u0151d\u00e9s\u00e9rt (BCSDH) az \u00dczleti Vil\u00e1gtan\u00e1cs a Fenntarthat\u00f3 Fejl\u0151d\u00e9s\u00e9rt hazai szervezete.","potentialAction":[{"@type":"SearchAction","target":{"@type":"EntryPoint","urlTemplate":"https:\/\/bcsdh.hu\/?s={search_term_string}"},"query-input":{"@type":"PropertyValueSpecification","valueRequired":true,"valueName":"search_term_string"}}],"inLanguage":"en-US"},{"@type":"Person","@id":"https:\/\/bcsdh.hu\/#\/schema\/person\/34a22f1b63367fd1b15e53206e72b358","name":"Balasfalvi-Lukacsi Mariann","url":"https:\/\/bcsdh.hu\/en\/author\/balasfalvi-lukacsi-mariann\/"}]}},"_links":{"self":[{"href":"https:\/\/bcsdh.hu\/en\/wp-json\/wp\/v2\/posts\/52006","targetHints":{"allow":["GET"]}}],"collection":[{"href":"https:\/\/bcsdh.hu\/en\/wp-json\/wp\/v2\/posts"}],"about":[{"href":"https:\/\/bcsdh.hu\/en\/wp-json\/wp\/v2\/types\/post"}],"author":[{"embeddable":true,"href":"https:\/\/bcsdh.hu\/en\/wp-json\/wp\/v2\/users\/4"}],"replies":[{"embeddable":true,"href":"https:\/\/bcsdh.hu\/en\/wp-json\/wp\/v2\/comments?post=52006"}],"version-history":[{"count":3,"href":"https:\/\/bcsdh.hu\/en\/wp-json\/wp\/v2\/posts\/52006\/revisions"}],"predecessor-version":[{"id":52558,"href":"https:\/\/bcsdh.hu\/en\/wp-json\/wp\/v2\/posts\/52006\/revisions\/52558"}],"wp:featuredmedia":[{"embeddable":true,"href":"https:\/\/bcsdh.hu\/en\/wp-json\/wp\/v2\/media\/38745"}],"wp:attachment":[{"href":"https:\/\/bcsdh.hu\/en\/wp-json\/wp\/v2\/media?parent=52006"}],"wp:term":[{"taxonomy":"category","embeddable":true,"href":"https:\/\/bcsdh.hu\/en\/wp-json\/wp\/v2\/categories?post=52006"},{"taxonomy":"post_tag","embeddable":true,"href":"https:\/\/bcsdh.hu\/en\/wp-json\/wp\/v2\/tags?post=52006"}],"curies":[{"name":"wp","href":"https:\/\/api.w.org\/{rel}","templated":true}]}}