{"id":56938,"date":"2023-12-04T18:02:56","date_gmt":"2023-12-04T17:02:56","guid":{"rendered":"https:\/\/bcsdh.hu\/?p=56938"},"modified":"2023-12-04T18:07:08","modified_gmt":"2023-12-04T17:07:08","slug":"season-of-awards-at-spar-acclaimed-products-stores-campaigns-and-professionals","status":"publish","type":"post","link":"https:\/\/bcsdh.hu\/en\/member-news\/season-of-awards-at-spar-acclaimed-products-stores-campaigns-and-professionals\/","title":{"rendered":"Season of awards at SPAR: acclaimed products, stores, campaigns and professionals"},"content":{"rendered":"<p><strong>In recent weeks, SPAR Hungary has received prestigious awards and recognitions for its support of Hungarian products and enterprises, health-conscious lifestyles, as well as for its commitment to value and quality.\u00a0\u00a0\u00a0 <\/strong><strong> \u00a0<\/strong><\/p>\n<p>&#8220;Our company is very proud that both the industry and customers confirm our efforts to put as many high-quality, mostly domestic products as possible on the shelves of our stores, which further expands the range of quality goods and contributes to more sustainable operation and consumption,&#8221; said M\u00e1rk Maczelka, head of communications at SPAR Hungary.<\/p>\n<p><strong>SPAR wins the Customer Choice Award based on customer feedback<\/strong><\/p>\n<p>SPAR Hungary is committed to supporting the marketing of domestic products and helping family and small enterprises put their high-quality products on the shelves of the retail chain. This effort has been recognised by the customers with the first ever Customer Award for Hungarian Products (Magyar Term\u00e9kek\u00e9rt V\u00e1s\u00e1rl\u00f3i N\u00edv\u00f3d\u00edj) based on customer votes, and by the industry with the Silver Award for the Trade of Hungarian Products.<\/p>\n<p>The company&#8217;s commitment to Hungarian products has been recognised with numerous awards in the recent years: SPAR Hungary was awarded first place in the Award for the Trade of Hungarian Products competition in 2021 and 2018, and silver medals in 2023, 2022 and 2019.<\/p>\n<p><img decoding=\"async\" class=\"size-portfolio wp-image-56924 aligncenter lazyload\" data-src=\"https:\/\/bcsdh.hu\/wp-content\/uploads\/2023\/12\/spar-10-495x400.jpg\" alt=\"\" width=\"495\" height=\"400\" data-srcset=\"https:\/\/bcsdh.hu\/wp-content\/uploads\/2023\/12\/spar-10-495x400.jpg 495w, https:\/\/bcsdh.hu\/wp-content\/uploads\/2023\/12\/spar-10-845x684.jpg 845w\" data-sizes=\"(max-width: 495px) 100vw, 495px\" src=\"data:image\/svg+xml;base64,PHN2ZyB3aWR0aD0iMSIgaGVpZ2h0PSIxIiB4bWxucz0iaHR0cDovL3d3dy53My5vcmcvMjAwMC9zdmciPjwvc3ZnPg==\" style=\"--smush-placeholder-width: 495px; --smush-placeholder-aspect-ratio: 495\/400;\" \/><\/p>\n<p><strong>SPAR cocoa swirl bun with purpur dough wins the Value and Quality Grand Prize<\/strong><\/p>\n<p>The new bakery product launched by the Hungarian chain this year, the SPAR cocoa swirl bun with purpur dough has won the Value and Quality Grand Prize for the highest quality of domestic products and services, and is now eligible to bear the trademark certifying this distinction. The use of the Value and Quality Grand Prix Certification Trademark and the award of the distinction is recognition of goods, services and companies that meet a complex set of criteria and demonstrate a commitment to quality in their business activities, and also comply with sustainability requirements.<\/p>\n<p><img decoding=\"async\" class=\"size-portfolio wp-image-56922 aligncenter lazyload\" data-src=\"https:\/\/bcsdh.hu\/wp-content\/uploads\/2023\/12\/spar-09-495x400.jpg\" alt=\"\" width=\"495\" height=\"400\" data-srcset=\"https:\/\/bcsdh.hu\/wp-content\/uploads\/2023\/12\/spar-09-495x400.jpg 495w, https:\/\/bcsdh.hu\/wp-content\/uploads\/2023\/12\/spar-09-845x684.jpg 845w\" data-sizes=\"(max-width: 495px) 100vw, 495px\" src=\"data:image\/svg+xml;base64,PHN2ZyB3aWR0aD0iMSIgaGVpZ2h0PSIxIiB4bWxucz0iaHR0cDovL3d3dy53My5vcmcvMjAwMC9zdmciPjwvc3ZnPg==\" style=\"--smush-placeholder-width: 495px; --smush-placeholder-aspect-ratio: 495\/400;\" \/><\/p>\n<p><strong>Two popular SPAR private-label products have been awarded Food Awards <\/strong><\/p>\n<p>This year, \u201cN\u0151k Lapja Food Awards\u201d has been presented for the second time, and two SPAR own-brand products won the 2023 awards: in the special main category gluten-free subcategory, the 500g \u201cSPAR free from\u201d gluten-free, fine-grain oatmeal, and in the non-carbonated drinks category, the 1l SPAR 100% apple juice. This year&#8217;s competition was again open to food products and beverages that are available in Hungarian stores. Shoppers could vote for their favourites on the noklapja.hu website and 7600 votes were cast to choose this year&#8217;s winners of the Food Awards 2023 competition.<\/p>\n<p><strong>Acclaims for INTERSPAR hypermarkets<\/strong><\/p>\n<p>In the StarStore &#8211; Retailer of the Year 2023 competition organised by Trade magazine, the INTERSPAR unit located at \u201cB\u00e9csi \u00fat\u201d in Budapest won the title &#8220;HYPERMARKET OF THE YEAR 2023&#8221; and the &#8220;STORE OF THE YEAR 2023\u201d award as well, as the absolute winner of the competition based on the combined results of all the candidates.\u00a0 SPAR Hungary, as a committed supporter of domestic products and sustainability, has also been awarded the title &#8220;HYPERMARKET CHAIN OF THE YEAR 2023&#8221; in the Hypermarket category, based on the assessment of the professional jury. Also in the &#8220;For a more sustainable future&#8221; competition launched by Trade magazine, SPAR Hungary was awarded the Sustainability Symbol 2023 in the corporate category, based on the assessment of the professional panel.<\/p>\n<p><strong>Ferenc Horv\u00e1th, food industrial director of SPAR Hungary appointed MATE Visiting Professor<\/strong><\/p>\n<p>At the 170th anniversary celebration of the Buda Campus of the Hungarian Agricultural and Life Sciences University (MATE), held in honour of the founder Ferenc Entz, the title of &#8220;MATE Visiting Professor&#8221; was bestowed upon Ferenc Horv\u00e1th, the food industrial director of SPAR Hungary, in recognition of his dedicated work in the field of education and research, which has greatly contributed to the practice-oriented educational efforts of the institutes on campus.<\/p>\n<p><strong>Seven SPAR staff members listed among the country&#8217;s most outstanding communication and marketing professionals<\/strong><\/p>\n<p>Head of communications M\u00e1rk Maczelka and head of marketing K\u00e1roly N\u00e9meth have been included in Marketing&amp;Media magazine&#8217;s ranking of the top 50 most successful PR and marketing communications decision-makers in the country. In this year&#8217;s new ranking of PR professionals, M\u00e1rk Maczelka was ranked 11th, while head of marketing K\u00e1roly N\u00e9meth was ranked 24th in the eighth edition of the marketing top list.<\/p>\n<p>Petra Sz\u00e9kely-N\u00e9meth, deputy head of communications, Katalin Varga, digital marketing communications manager, Krisztina Guly\u00e1s, digital manager, M\u00e1ria L\u00e9n\u00e1rt, loyalty promotions manager and Kinga P\u00e1l, POS manager have been voted among the top operational professionals in the sector in the Signature 40 competition.<\/p>\n<p><img decoding=\"async\" class=\"size-portfolio wp-image-56919 aligncenter lazyload\" data-src=\"https:\/\/bcsdh.hu\/wp-content\/uploads\/2023\/12\/spar-07-495x400.jpg\" alt=\"\" width=\"495\" height=\"400\" data-srcset=\"https:\/\/bcsdh.hu\/wp-content\/uploads\/2023\/12\/spar-07-495x400.jpg 495w, https:\/\/bcsdh.hu\/wp-content\/uploads\/2023\/12\/spar-07-845x684.jpg 845w\" data-sizes=\"(max-width: 495px) 100vw, 495px\" src=\"data:image\/svg+xml;base64,PHN2ZyB3aWR0aD0iMSIgaGVpZ2h0PSIxIiB4bWxucz0iaHR0cDovL3d3dy53My5vcmcvMjAwMC9zdmciPjwvc3ZnPg==\" style=\"--smush-placeholder-width: 495px; --smush-placeholder-aspect-ratio: 495\/400;\" \/><\/p>\n","protected":false},"excerpt":{"rendered":"<p>In recent weeks, SPAR Hungary has received prestigious awards and recognitions for its support of Hungarian products and enterprises, health-conscious lifestyles, as well as for its commitment to value and [&hellip;]<\/p>\n","protected":false},"author":4,"featured_media":38745,"comment_status":"closed","ping_status":"closed","sticky":false,"template":"","format":"standard","meta":{"footnotes":""},"categories":[54],"tags":[],"class_list":["post-56938","post","type-post","status-publish","format-standard","has-post-thumbnail","hentry","category-member-news"],"yoast_head":"<!-- This site is optimized with the Yoast SEO plugin v27.5 - https:\/\/yoast.com\/product\/yoast-seo-wordpress\/ -->\n<title>Season of awards at SPAR: acclaimed products, stores, campaigns and professionals - BCSDH<\/title>\n<meta name=\"robots\" content=\"index, follow, max-snippet:-1, max-image-preview:large, max-video-preview:-1\" \/>\n<link rel=\"canonical\" href=\"https:\/\/bcsdh.hu\/en\/member-news\/season-of-awards-at-spar-acclaimed-products-stores-campaigns-and-professionals\/\" \/>\n<meta property=\"og:locale\" content=\"en_US\" \/>\n<meta property=\"og:type\" content=\"article\" \/>\n<meta property=\"og:title\" content=\"Season of awards at SPAR: acclaimed products, stores, campaigns and professionals - BCSDH\" \/>\n<meta property=\"og:description\" content=\"In recent weeks, SPAR Hungary has received prestigious awards and recognitions for its support of Hungarian products and enterprises, health-conscious lifestyles, as well as for its commitment to value and [&hellip;]\" \/>\n<meta property=\"og:url\" content=\"https:\/\/bcsdh.hu\/en\/member-news\/season-of-awards-at-spar-acclaimed-products-stores-campaigns-and-professionals\/\" \/>\n<meta property=\"og:site_name\" content=\"BCSDH\" \/>\n<meta property=\"article:published_time\" content=\"2023-12-04T17:02:56+00:00\" \/>\n<meta property=\"article:modified_time\" content=\"2023-12-04T17:07:08+00:00\" \/>\n<meta property=\"og:image\" content=\"https:\/\/bcsdh.hu\/wp-content\/uploads\/2022\/01\/spar.png\" \/>\n\t<meta property=\"og:image:width\" content=\"450\" \/>\n\t<meta property=\"og:image:height\" content=\"170\" \/>\n\t<meta property=\"og:image:type\" content=\"image\/png\" \/>\n<meta name=\"author\" content=\"Balasfalvi-Lukacsi Mariann\" \/>\n<meta name=\"twitter:card\" content=\"summary_large_image\" \/>\n<meta name=\"twitter:label1\" content=\"Written by\" \/>\n\t<meta name=\"twitter:data1\" content=\"Balasfalvi-Lukacsi Mariann\" \/>\n\t<meta name=\"twitter:label2\" content=\"Est. reading time\" \/>\n\t<meta name=\"twitter:data2\" content=\"5 minutes\" \/>\n<script type=\"application\/ld+json\" class=\"yoast-schema-graph\">{\"@context\":\"https:\\\/\\\/schema.org\",\"@graph\":[{\"@type\":\"Article\",\"@id\":\"https:\\\/\\\/bcsdh.hu\\\/en\\\/member-news\\\/season-of-awards-at-spar-acclaimed-products-stores-campaigns-and-professionals\\\/#article\",\"isPartOf\":{\"@id\":\"https:\\\/\\\/bcsdh.hu\\\/en\\\/member-news\\\/season-of-awards-at-spar-acclaimed-products-stores-campaigns-and-professionals\\\/\"},\"author\":{\"name\":\"Balasfalvi-Lukacsi Mariann\",\"@id\":\"https:\\\/\\\/bcsdh.hu\\\/#\\\/schema\\\/person\\\/34a22f1b63367fd1b15e53206e72b358\"},\"headline\":\"Season of awards at SPAR: acclaimed products, stores, campaigns and professionals\",\"datePublished\":\"2023-12-04T17:02:56+00:00\",\"dateModified\":\"2023-12-04T17:07:08+00:00\",\"mainEntityOfPage\":{\"@id\":\"https:\\\/\\\/bcsdh.hu\\\/en\\\/member-news\\\/season-of-awards-at-spar-acclaimed-products-stores-campaigns-and-professionals\\\/\"},\"wordCount\":778,\"image\":{\"@id\":\"https:\\\/\\\/bcsdh.hu\\\/en\\\/member-news\\\/season-of-awards-at-spar-acclaimed-products-stores-campaigns-and-professionals\\\/#primaryimage\"},\"thumbnailUrl\":\"https:\\\/\\\/bcsdh.hu\\\/wp-content\\\/uploads\\\/2022\\\/01\\\/spar.png\",\"articleSection\":[\"Member News\"],\"inLanguage\":\"en-US\"},{\"@type\":\"WebPage\",\"@id\":\"https:\\\/\\\/bcsdh.hu\\\/en\\\/member-news\\\/season-of-awards-at-spar-acclaimed-products-stores-campaigns-and-professionals\\\/\",\"url\":\"https:\\\/\\\/bcsdh.hu\\\/en\\\/member-news\\\/season-of-awards-at-spar-acclaimed-products-stores-campaigns-and-professionals\\\/\",\"name\":\"Season of awards at SPAR: acclaimed products, stores, campaigns and professionals - BCSDH\",\"isPartOf\":{\"@id\":\"https:\\\/\\\/bcsdh.hu\\\/#website\"},\"primaryImageOfPage\":{\"@id\":\"https:\\\/\\\/bcsdh.hu\\\/en\\\/member-news\\\/season-of-awards-at-spar-acclaimed-products-stores-campaigns-and-professionals\\\/#primaryimage\"},\"image\":{\"@id\":\"https:\\\/\\\/bcsdh.hu\\\/en\\\/member-news\\\/season-of-awards-at-spar-acclaimed-products-stores-campaigns-and-professionals\\\/#primaryimage\"},\"thumbnailUrl\":\"https:\\\/\\\/bcsdh.hu\\\/wp-content\\\/uploads\\\/2022\\\/01\\\/spar.png\",\"datePublished\":\"2023-12-04T17:02:56+00:00\",\"dateModified\":\"2023-12-04T17:07:08+00:00\",\"author\":{\"@id\":\"https:\\\/\\\/bcsdh.hu\\\/#\\\/schema\\\/person\\\/34a22f1b63367fd1b15e53206e72b358\"},\"breadcrumb\":{\"@id\":\"https:\\\/\\\/bcsdh.hu\\\/en\\\/member-news\\\/season-of-awards-at-spar-acclaimed-products-stores-campaigns-and-professionals\\\/#breadcrumb\"},\"inLanguage\":\"en-US\",\"potentialAction\":[{\"@type\":\"ReadAction\",\"target\":[\"https:\\\/\\\/bcsdh.hu\\\/en\\\/member-news\\\/season-of-awards-at-spar-acclaimed-products-stores-campaigns-and-professionals\\\/\"]}]},{\"@type\":\"ImageObject\",\"inLanguage\":\"en-US\",\"@id\":\"https:\\\/\\\/bcsdh.hu\\\/en\\\/member-news\\\/season-of-awards-at-spar-acclaimed-products-stores-campaigns-and-professionals\\\/#primaryimage\",\"url\":\"https:\\\/\\\/bcsdh.hu\\\/wp-content\\\/uploads\\\/2022\\\/01\\\/spar.png\",\"contentUrl\":\"https:\\\/\\\/bcsdh.hu\\\/wp-content\\\/uploads\\\/2022\\\/01\\\/spar.png\",\"width\":450,\"height\":170},{\"@type\":\"BreadcrumbList\",\"@id\":\"https:\\\/\\\/bcsdh.hu\\\/en\\\/member-news\\\/season-of-awards-at-spar-acclaimed-products-stores-campaigns-and-professionals\\\/#breadcrumb\",\"itemListElement\":[{\"@type\":\"ListItem\",\"position\":1,\"name\":\"Kezd\u0151lap\",\"item\":\"https:\\\/\\\/bcsdh.hu\\\/en\\\/bcsdh-the-business-council-for-sustainable-development-in-hungary\\\/\"},{\"@type\":\"ListItem\",\"position\":2,\"name\":\"Season of awards at SPAR: acclaimed products, stores, campaigns and professionals\"}]},{\"@type\":\"WebSite\",\"@id\":\"https:\\\/\\\/bcsdh.hu\\\/#website\",\"url\":\"https:\\\/\\\/bcsdh.hu\\\/\",\"name\":\"BCSDH\",\"description\":\"Magyarorsz\u00e1gi \u00dczleti Tan\u00e1cs a Fenntarthat\u00f3 Fejl\u0151d\u00e9s\u00e9rt (BCSDH) az \u00dczleti Vil\u00e1gtan\u00e1cs a Fenntarthat\u00f3 Fejl\u0151d\u00e9s\u00e9rt hazai szervezete.\",\"potentialAction\":[{\"@type\":\"SearchAction\",\"target\":{\"@type\":\"EntryPoint\",\"urlTemplate\":\"https:\\\/\\\/bcsdh.hu\\\/?s={search_term_string}\"},\"query-input\":{\"@type\":\"PropertyValueSpecification\",\"valueRequired\":true,\"valueName\":\"search_term_string\"}}],\"inLanguage\":\"en-US\"},{\"@type\":\"Person\",\"@id\":\"https:\\\/\\\/bcsdh.hu\\\/#\\\/schema\\\/person\\\/34a22f1b63367fd1b15e53206e72b358\",\"name\":\"Balasfalvi-Lukacsi Mariann\",\"url\":\"https:\\\/\\\/bcsdh.hu\\\/en\\\/author\\\/balasfalvi-lukacsi-mariann\\\/\"}]}<\/script>\n<!-- \/ Yoast SEO plugin. -->","yoast_head_json":{"title":"Season of awards at SPAR: acclaimed products, stores, campaigns and professionals - BCSDH","robots":{"index":"index","follow":"follow","max-snippet":"max-snippet:-1","max-image-preview":"max-image-preview:large","max-video-preview":"max-video-preview:-1"},"canonical":"https:\/\/bcsdh.hu\/en\/member-news\/season-of-awards-at-spar-acclaimed-products-stores-campaigns-and-professionals\/","og_locale":"en_US","og_type":"article","og_title":"Season of awards at SPAR: acclaimed products, stores, campaigns and professionals - BCSDH","og_description":"In recent weeks, SPAR Hungary has received prestigious awards and recognitions for its support of Hungarian products and enterprises, health-conscious lifestyles, as well as for its commitment to value and [&hellip;]","og_url":"https:\/\/bcsdh.hu\/en\/member-news\/season-of-awards-at-spar-acclaimed-products-stores-campaigns-and-professionals\/","og_site_name":"BCSDH","article_published_time":"2023-12-04T17:02:56+00:00","article_modified_time":"2023-12-04T17:07:08+00:00","og_image":[{"width":450,"height":170,"url":"https:\/\/bcsdh.hu\/wp-content\/uploads\/2022\/01\/spar.png","type":"image\/png"}],"author":"Balasfalvi-Lukacsi Mariann","twitter_card":"summary_large_image","twitter_misc":{"Written by":"Balasfalvi-Lukacsi Mariann","Est. reading time":"5 minutes"},"schema":{"@context":"https:\/\/schema.org","@graph":[{"@type":"Article","@id":"https:\/\/bcsdh.hu\/en\/member-news\/season-of-awards-at-spar-acclaimed-products-stores-campaigns-and-professionals\/#article","isPartOf":{"@id":"https:\/\/bcsdh.hu\/en\/member-news\/season-of-awards-at-spar-acclaimed-products-stores-campaigns-and-professionals\/"},"author":{"name":"Balasfalvi-Lukacsi Mariann","@id":"https:\/\/bcsdh.hu\/#\/schema\/person\/34a22f1b63367fd1b15e53206e72b358"},"headline":"Season of awards at SPAR: acclaimed products, stores, campaigns and professionals","datePublished":"2023-12-04T17:02:56+00:00","dateModified":"2023-12-04T17:07:08+00:00","mainEntityOfPage":{"@id":"https:\/\/bcsdh.hu\/en\/member-news\/season-of-awards-at-spar-acclaimed-products-stores-campaigns-and-professionals\/"},"wordCount":778,"image":{"@id":"https:\/\/bcsdh.hu\/en\/member-news\/season-of-awards-at-spar-acclaimed-products-stores-campaigns-and-professionals\/#primaryimage"},"thumbnailUrl":"https:\/\/bcsdh.hu\/wp-content\/uploads\/2022\/01\/spar.png","articleSection":["Member News"],"inLanguage":"en-US"},{"@type":"WebPage","@id":"https:\/\/bcsdh.hu\/en\/member-news\/season-of-awards-at-spar-acclaimed-products-stores-campaigns-and-professionals\/","url":"https:\/\/bcsdh.hu\/en\/member-news\/season-of-awards-at-spar-acclaimed-products-stores-campaigns-and-professionals\/","name":"Season of awards at SPAR: acclaimed products, stores, campaigns and professionals - BCSDH","isPartOf":{"@id":"https:\/\/bcsdh.hu\/#website"},"primaryImageOfPage":{"@id":"https:\/\/bcsdh.hu\/en\/member-news\/season-of-awards-at-spar-acclaimed-products-stores-campaigns-and-professionals\/#primaryimage"},"image":{"@id":"https:\/\/bcsdh.hu\/en\/member-news\/season-of-awards-at-spar-acclaimed-products-stores-campaigns-and-professionals\/#primaryimage"},"thumbnailUrl":"https:\/\/bcsdh.hu\/wp-content\/uploads\/2022\/01\/spar.png","datePublished":"2023-12-04T17:02:56+00:00","dateModified":"2023-12-04T17:07:08+00:00","author":{"@id":"https:\/\/bcsdh.hu\/#\/schema\/person\/34a22f1b63367fd1b15e53206e72b358"},"breadcrumb":{"@id":"https:\/\/bcsdh.hu\/en\/member-news\/season-of-awards-at-spar-acclaimed-products-stores-campaigns-and-professionals\/#breadcrumb"},"inLanguage":"en-US","potentialAction":[{"@type":"ReadAction","target":["https:\/\/bcsdh.hu\/en\/member-news\/season-of-awards-at-spar-acclaimed-products-stores-campaigns-and-professionals\/"]}]},{"@type":"ImageObject","inLanguage":"en-US","@id":"https:\/\/bcsdh.hu\/en\/member-news\/season-of-awards-at-spar-acclaimed-products-stores-campaigns-and-professionals\/#primaryimage","url":"https:\/\/bcsdh.hu\/wp-content\/uploads\/2022\/01\/spar.png","contentUrl":"https:\/\/bcsdh.hu\/wp-content\/uploads\/2022\/01\/spar.png","width":450,"height":170},{"@type":"BreadcrumbList","@id":"https:\/\/bcsdh.hu\/en\/member-news\/season-of-awards-at-spar-acclaimed-products-stores-campaigns-and-professionals\/#breadcrumb","itemListElement":[{"@type":"ListItem","position":1,"name":"Kezd\u0151lap","item":"https:\/\/bcsdh.hu\/en\/bcsdh-the-business-council-for-sustainable-development-in-hungary\/"},{"@type":"ListItem","position":2,"name":"Season of awards at SPAR: acclaimed products, stores, campaigns and professionals"}]},{"@type":"WebSite","@id":"https:\/\/bcsdh.hu\/#website","url":"https:\/\/bcsdh.hu\/","name":"BCSDH","description":"Magyarorsz\u00e1gi \u00dczleti Tan\u00e1cs a Fenntarthat\u00f3 Fejl\u0151d\u00e9s\u00e9rt (BCSDH) az \u00dczleti Vil\u00e1gtan\u00e1cs a Fenntarthat\u00f3 Fejl\u0151d\u00e9s\u00e9rt hazai szervezete.","potentialAction":[{"@type":"SearchAction","target":{"@type":"EntryPoint","urlTemplate":"https:\/\/bcsdh.hu\/?s={search_term_string}"},"query-input":{"@type":"PropertyValueSpecification","valueRequired":true,"valueName":"search_term_string"}}],"inLanguage":"en-US"},{"@type":"Person","@id":"https:\/\/bcsdh.hu\/#\/schema\/person\/34a22f1b63367fd1b15e53206e72b358","name":"Balasfalvi-Lukacsi Mariann","url":"https:\/\/bcsdh.hu\/en\/author\/balasfalvi-lukacsi-mariann\/"}]}},"_links":{"self":[{"href":"https:\/\/bcsdh.hu\/en\/wp-json\/wp\/v2\/posts\/56938","targetHints":{"allow":["GET"]}}],"collection":[{"href":"https:\/\/bcsdh.hu\/en\/wp-json\/wp\/v2\/posts"}],"about":[{"href":"https:\/\/bcsdh.hu\/en\/wp-json\/wp\/v2\/types\/post"}],"author":[{"embeddable":true,"href":"https:\/\/bcsdh.hu\/en\/wp-json\/wp\/v2\/users\/4"}],"replies":[{"embeddable":true,"href":"https:\/\/bcsdh.hu\/en\/wp-json\/wp\/v2\/comments?post=56938"}],"version-history":[{"count":4,"href":"https:\/\/bcsdh.hu\/en\/wp-json\/wp\/v2\/posts\/56938\/revisions"}],"predecessor-version":[{"id":56941,"href":"https:\/\/bcsdh.hu\/en\/wp-json\/wp\/v2\/posts\/56938\/revisions\/56941"}],"wp:featuredmedia":[{"embeddable":true,"href":"https:\/\/bcsdh.hu\/en\/wp-json\/wp\/v2\/media\/38745"}],"wp:attachment":[{"href":"https:\/\/bcsdh.hu\/en\/wp-json\/wp\/v2\/media?parent=56938"}],"wp:term":[{"taxonomy":"category","embeddable":true,"href":"https:\/\/bcsdh.hu\/en\/wp-json\/wp\/v2\/categories?post=56938"},{"taxonomy":"post_tag","embeddable":true,"href":"https:\/\/bcsdh.hu\/en\/wp-json\/wp\/v2\/tags?post=56938"}],"curies":[{"name":"wp","href":"https:\/\/api.w.org\/{rel}","templated":true}]}}