{"id":62076,"date":"2024-05-29T21:40:47","date_gmt":"2024-05-29T19:40:47","guid":{"rendered":"https:\/\/bcsdh.hu\/?p=62076"},"modified":"2024-05-29T21:40:47","modified_gmt":"2024-05-29T19:40:47","slug":"meijer-co-is-organising-a-24-hour-walk-in-varosliget-raising-funds-to-regreen-the-planet","status":"publish","type":"post","link":"https:\/\/bcsdh.hu\/en\/member-news\/meijer-co-is-organising-a-24-hour-walk-in-varosliget-raising-funds-to-regreen-the-planet\/","title":{"rendered":"Meijer &#038;Co is organising a 24-hour walk in Varosliget, raising funds to regreen the planet!"},"content":{"rendered":"<p><a href=\"https:\/\/www.youtube.com\/watch?v=mPhSNUYAYDE&amp;t=3s&amp;ab_channel=24ThePlanet\">What began as a \u2018crazy\u2019 idea in 2021<\/a>, with four friends attempting to walk non-stop for 24 hours in Amsterdam to raise funds for fighting global climate change, has evolved into a global movement. This year, we\u2019re thrilled to welcome Budapest as a new location for <a href=\"https:\/\/24theplanet.com\/\">24 The Planet<\/a> alongside Amsterdam and New York.<\/p>\n<p><img decoding=\"async\" class=\"aligncenter wp-image-62069 size-full lazyload\" data-src=\"https:\/\/bcsdh.hu\/wp-content\/uploads\/2024\/05\/meijerco2-1.jpg\" alt=\"\" width=\"325\" height=\"182\" data-srcset=\"https:\/\/bcsdh.hu\/wp-content\/uploads\/2024\/05\/meijerco2-1.jpg 325w, https:\/\/bcsdh.hu\/wp-content\/uploads\/2024\/05\/meijerco2-1-304x170.jpg 304w\" data-sizes=\"(max-width: 325px) 100vw, 325px\" src=\"data:image\/svg+xml;base64,PHN2ZyB3aWR0aD0iMSIgaGVpZ2h0PSIxIiB4bWxucz0iaHR0cDovL3d3dy53My5vcmcvMjAwMC9zdmciPjwvc3ZnPg==\" style=\"--smush-placeholder-width: 325px; --smush-placeholder-aspect-ratio: 325\/182;\" \/><\/p>\n<p>The concept is straightforward: participants, backed by friends and family, walk continuously for 24 hours in a park to raise funds and awareness for the battle against global climate change. All proceeds are donated to <a href=\"https:\/\/justdiggit.org\/\">Justdiggit<\/a>, an NGO dedicated to regreening dry and degraded land in Africa to cool down the planet.<\/p>\n<p>24 The Planet is not a race; walkers determine their own pace. Our \u201cslowest\u201d walker covered 52 KM, while our \u201cfastest\u201d walker completed 116 KM. The commitment is to walk for 24 hours, with short breaks permitted.<\/p>\n<p>Since its inception in 2021, 24 The Planet has grown exponentially, increasing by thirteenfold. Last year, fifty-five 24-hour walkers completed the 24-hour challenge, while over 400 individuals showed their support. Over the past three years, we\u2019ve raised over EUR 125,000, enabling us to regreen an area twice the size of Central Park in Africa!<\/p>\n<p><img decoding=\"async\" class=\"aligncenter size-large wp-image-62071 lazyload\" data-src=\"https:\/\/bcsdh.hu\/wp-content\/uploads\/2024\/05\/meijerco3-1.jpg\" alt=\"\" width=\"433\" height=\"244\" data-srcset=\"https:\/\/bcsdh.hu\/wp-content\/uploads\/2024\/05\/meijerco3-1.jpg 433w, https:\/\/bcsdh.hu\/wp-content\/uploads\/2024\/05\/meijerco3-1-302x170.jpg 302w\" data-sizes=\"(max-width: 433px) 100vw, 433px\" src=\"data:image\/svg+xml;base64,PHN2ZyB3aWR0aD0iMSIgaGVpZ2h0PSIxIiB4bWxucz0iaHR0cDovL3d3dy53My5vcmcvMjAwMC9zdmciPjwvc3ZnPg==\" style=\"--smush-placeholder-width: 433px; --smush-placeholder-aspect-ratio: 433\/244;\" \/><\/p>\n<p>We are looking for walkers who are joining us as individuals and raising money with their friends and family (via the platform). Companies can buy Sponsor packages or buy tickets for their employees in the form of a teambuilding activity.<\/p>\n<p>To make the 24-hour walk more engaging, in Amsterdam they host mini-events every two to three hours. Featuring keynote speakers, conducting breathwork sessions, offering guided meditation hours, hosting a silent disco, organising a dog-walking session, inviting a marching band to perform, and celebrating the halfway mark with a 12-hour event. Additionally, providing family-style meals, and in the final hours, a mobile DJ booth plays uplifting beats to keep motivation. (for the Budapest event we are still finalising the final list of mini-events, any suggestions are welcome)<\/p>\n<p>Find more information at: <a href=\"https:\/\/linktr.ee\/meijerandco\">https:\/\/linktr.ee\/meijerandco<\/a> or write to us for a quote via: <a href=\"mailto:Planet24@meijerandco.com\">Planet24@meijerandco.com<\/a><\/p>\n","protected":false},"excerpt":{"rendered":"<p>What began as a \u2018crazy\u2019 idea in 2021, with four friends attempting to walk non-stop for 24 hours in Amsterdam to raise funds for fighting global climate change, has evolved [&hellip;]<\/p>\n","protected":false},"author":4,"featured_media":52921,"comment_status":"closed","ping_status":"closed","sticky":false,"template":"","format":"standard","meta":{"footnotes":""},"categories":[54],"tags":[],"class_list":["post-62076","post","type-post","status-publish","format-standard","has-post-thumbnail","hentry","category-member-news"],"yoast_head":"<!-- This site is optimized with the Yoast SEO plugin v27.5 - https:\/\/yoast.com\/product\/yoast-seo-wordpress\/ -->\n<title>Meijer &amp;Co is organising a 24-hour walk in Varosliget, raising funds to regreen the planet! - BCSDH<\/title>\n<meta name=\"robots\" content=\"index, follow, max-snippet:-1, max-image-preview:large, max-video-preview:-1\" \/>\n<link rel=\"canonical\" href=\"https:\/\/bcsdh.hu\/en\/member-news\/meijer-co-is-organising-a-24-hour-walk-in-varosliget-raising-funds-to-regreen-the-planet\/\" \/>\n<meta property=\"og:locale\" content=\"en_US\" \/>\n<meta property=\"og:type\" content=\"article\" \/>\n<meta property=\"og:title\" content=\"Meijer &amp;Co is organising a 24-hour walk in Varosliget, raising funds to regreen the planet! - BCSDH\" \/>\n<meta property=\"og:description\" content=\"What began as a \u2018crazy\u2019 idea in 2021, with four friends attempting to walk non-stop for 24 hours in Amsterdam to raise funds for fighting global climate change, has evolved [&hellip;]\" \/>\n<meta property=\"og:url\" content=\"https:\/\/bcsdh.hu\/en\/member-news\/meijer-co-is-organising-a-24-hour-walk-in-varosliget-raising-funds-to-regreen-the-planet\/\" \/>\n<meta property=\"og:site_name\" content=\"BCSDH\" \/>\n<meta property=\"article:published_time\" content=\"2024-05-29T19:40:47+00:00\" \/>\n<meta property=\"og:image\" content=\"https:\/\/bcsdh.hu\/wp-content\/uploads\/2023\/06\/Meijer-and-Co_webre_v2.png\" \/>\n\t<meta property=\"og:image:width\" content=\"451\" \/>\n\t<meta property=\"og:image:height\" content=\"114\" \/>\n\t<meta property=\"og:image:type\" content=\"image\/png\" \/>\n<meta name=\"author\" content=\"Balasfalvi-Lukacsi Mariann\" \/>\n<meta name=\"twitter:card\" content=\"summary_large_image\" \/>\n<meta name=\"twitter:label1\" content=\"Written by\" \/>\n\t<meta name=\"twitter:data1\" content=\"Balasfalvi-Lukacsi Mariann\" \/>\n\t<meta name=\"twitter:label2\" content=\"Est. reading time\" \/>\n\t<meta name=\"twitter:data2\" content=\"3 minutes\" \/>\n<script type=\"application\/ld+json\" class=\"yoast-schema-graph\">{\"@context\":\"https:\\\/\\\/schema.org\",\"@graph\":[{\"@type\":\"Article\",\"@id\":\"https:\\\/\\\/bcsdh.hu\\\/en\\\/member-news\\\/meijer-co-is-organising-a-24-hour-walk-in-varosliget-raising-funds-to-regreen-the-planet\\\/#article\",\"isPartOf\":{\"@id\":\"https:\\\/\\\/bcsdh.hu\\\/en\\\/member-news\\\/meijer-co-is-organising-a-24-hour-walk-in-varosliget-raising-funds-to-regreen-the-planet\\\/\"},\"author\":{\"name\":\"Balasfalvi-Lukacsi Mariann\",\"@id\":\"https:\\\/\\\/bcsdh.hu\\\/#\\\/schema\\\/person\\\/34a22f1b63367fd1b15e53206e72b358\"},\"headline\":\"Meijer &#038;Co is organising a 24-hour walk in Varosliget, raising funds to regreen the planet!\",\"datePublished\":\"2024-05-29T19:40:47+00:00\",\"mainEntityOfPage\":{\"@id\":\"https:\\\/\\\/bcsdh.hu\\\/en\\\/member-news\\\/meijer-co-is-organising-a-24-hour-walk-in-varosliget-raising-funds-to-regreen-the-planet\\\/\"},\"wordCount\":347,\"image\":{\"@id\":\"https:\\\/\\\/bcsdh.hu\\\/en\\\/member-news\\\/meijer-co-is-organising-a-24-hour-walk-in-varosliget-raising-funds-to-regreen-the-planet\\\/#primaryimage\"},\"thumbnailUrl\":\"https:\\\/\\\/bcsdh.hu\\\/wp-content\\\/uploads\\\/2023\\\/06\\\/Meijer-and-Co_webre_v2.png\",\"articleSection\":[\"Member News\"],\"inLanguage\":\"en-US\"},{\"@type\":\"WebPage\",\"@id\":\"https:\\\/\\\/bcsdh.hu\\\/en\\\/member-news\\\/meijer-co-is-organising-a-24-hour-walk-in-varosliget-raising-funds-to-regreen-the-planet\\\/\",\"url\":\"https:\\\/\\\/bcsdh.hu\\\/en\\\/member-news\\\/meijer-co-is-organising-a-24-hour-walk-in-varosliget-raising-funds-to-regreen-the-planet\\\/\",\"name\":\"Meijer &Co is organising a 24-hour walk in Varosliget, raising funds to regreen the planet! - BCSDH\",\"isPartOf\":{\"@id\":\"https:\\\/\\\/bcsdh.hu\\\/#website\"},\"primaryImageOfPage\":{\"@id\":\"https:\\\/\\\/bcsdh.hu\\\/en\\\/member-news\\\/meijer-co-is-organising-a-24-hour-walk-in-varosliget-raising-funds-to-regreen-the-planet\\\/#primaryimage\"},\"image\":{\"@id\":\"https:\\\/\\\/bcsdh.hu\\\/en\\\/member-news\\\/meijer-co-is-organising-a-24-hour-walk-in-varosliget-raising-funds-to-regreen-the-planet\\\/#primaryimage\"},\"thumbnailUrl\":\"https:\\\/\\\/bcsdh.hu\\\/wp-content\\\/uploads\\\/2023\\\/06\\\/Meijer-and-Co_webre_v2.png\",\"datePublished\":\"2024-05-29T19:40:47+00:00\",\"author\":{\"@id\":\"https:\\\/\\\/bcsdh.hu\\\/#\\\/schema\\\/person\\\/34a22f1b63367fd1b15e53206e72b358\"},\"breadcrumb\":{\"@id\":\"https:\\\/\\\/bcsdh.hu\\\/en\\\/member-news\\\/meijer-co-is-organising-a-24-hour-walk-in-varosliget-raising-funds-to-regreen-the-planet\\\/#breadcrumb\"},\"inLanguage\":\"en-US\",\"potentialAction\":[{\"@type\":\"ReadAction\",\"target\":[\"https:\\\/\\\/bcsdh.hu\\\/en\\\/member-news\\\/meijer-co-is-organising-a-24-hour-walk-in-varosliget-raising-funds-to-regreen-the-planet\\\/\"]}]},{\"@type\":\"ImageObject\",\"inLanguage\":\"en-US\",\"@id\":\"https:\\\/\\\/bcsdh.hu\\\/en\\\/member-news\\\/meijer-co-is-organising-a-24-hour-walk-in-varosliget-raising-funds-to-regreen-the-planet\\\/#primaryimage\",\"url\":\"https:\\\/\\\/bcsdh.hu\\\/wp-content\\\/uploads\\\/2023\\\/06\\\/Meijer-and-Co_webre_v2.png\",\"contentUrl\":\"https:\\\/\\\/bcsdh.hu\\\/wp-content\\\/uploads\\\/2023\\\/06\\\/Meijer-and-Co_webre_v2.png\",\"width\":451,\"height\":114},{\"@type\":\"BreadcrumbList\",\"@id\":\"https:\\\/\\\/bcsdh.hu\\\/en\\\/member-news\\\/meijer-co-is-organising-a-24-hour-walk-in-varosliget-raising-funds-to-regreen-the-planet\\\/#breadcrumb\",\"itemListElement\":[{\"@type\":\"ListItem\",\"position\":1,\"name\":\"Kezd\u0151lap\",\"item\":\"https:\\\/\\\/bcsdh.hu\\\/en\\\/bcsdh-the-business-council-for-sustainable-development-in-hungary\\\/\"},{\"@type\":\"ListItem\",\"position\":2,\"name\":\"Meijer &#038;Co is organising a 24-hour walk in Varosliget, raising funds to regreen the planet!\"}]},{\"@type\":\"WebSite\",\"@id\":\"https:\\\/\\\/bcsdh.hu\\\/#website\",\"url\":\"https:\\\/\\\/bcsdh.hu\\\/\",\"name\":\"BCSDH\",\"description\":\"Magyarorsz\u00e1gi \u00dczleti Tan\u00e1cs a Fenntarthat\u00f3 Fejl\u0151d\u00e9s\u00e9rt (BCSDH) az \u00dczleti Vil\u00e1gtan\u00e1cs a Fenntarthat\u00f3 Fejl\u0151d\u00e9s\u00e9rt hazai szervezete.\",\"potentialAction\":[{\"@type\":\"SearchAction\",\"target\":{\"@type\":\"EntryPoint\",\"urlTemplate\":\"https:\\\/\\\/bcsdh.hu\\\/?s={search_term_string}\"},\"query-input\":{\"@type\":\"PropertyValueSpecification\",\"valueRequired\":true,\"valueName\":\"search_term_string\"}}],\"inLanguage\":\"en-US\"},{\"@type\":\"Person\",\"@id\":\"https:\\\/\\\/bcsdh.hu\\\/#\\\/schema\\\/person\\\/34a22f1b63367fd1b15e53206e72b358\",\"name\":\"Balasfalvi-Lukacsi Mariann\",\"url\":\"https:\\\/\\\/bcsdh.hu\\\/en\\\/author\\\/balasfalvi-lukacsi-mariann\\\/\"}]}<\/script>\n<!-- \/ Yoast SEO plugin. -->","yoast_head_json":{"title":"Meijer &Co is organising a 24-hour walk in Varosliget, raising funds to regreen the planet! - BCSDH","robots":{"index":"index","follow":"follow","max-snippet":"max-snippet:-1","max-image-preview":"max-image-preview:large","max-video-preview":"max-video-preview:-1"},"canonical":"https:\/\/bcsdh.hu\/en\/member-news\/meijer-co-is-organising-a-24-hour-walk-in-varosliget-raising-funds-to-regreen-the-planet\/","og_locale":"en_US","og_type":"article","og_title":"Meijer &Co is organising a 24-hour walk in Varosliget, raising funds to regreen the planet! - BCSDH","og_description":"What began as a \u2018crazy\u2019 idea in 2021, with four friends attempting to walk non-stop for 24 hours in Amsterdam to raise funds for fighting global climate change, has evolved [&hellip;]","og_url":"https:\/\/bcsdh.hu\/en\/member-news\/meijer-co-is-organising-a-24-hour-walk-in-varosliget-raising-funds-to-regreen-the-planet\/","og_site_name":"BCSDH","article_published_time":"2024-05-29T19:40:47+00:00","og_image":[{"width":451,"height":114,"url":"https:\/\/bcsdh.hu\/wp-content\/uploads\/2023\/06\/Meijer-and-Co_webre_v2.png","type":"image\/png"}],"author":"Balasfalvi-Lukacsi Mariann","twitter_card":"summary_large_image","twitter_misc":{"Written by":"Balasfalvi-Lukacsi Mariann","Est. reading time":"3 minutes"},"schema":{"@context":"https:\/\/schema.org","@graph":[{"@type":"Article","@id":"https:\/\/bcsdh.hu\/en\/member-news\/meijer-co-is-organising-a-24-hour-walk-in-varosliget-raising-funds-to-regreen-the-planet\/#article","isPartOf":{"@id":"https:\/\/bcsdh.hu\/en\/member-news\/meijer-co-is-organising-a-24-hour-walk-in-varosliget-raising-funds-to-regreen-the-planet\/"},"author":{"name":"Balasfalvi-Lukacsi Mariann","@id":"https:\/\/bcsdh.hu\/#\/schema\/person\/34a22f1b63367fd1b15e53206e72b358"},"headline":"Meijer &#038;Co is organising a 24-hour walk in Varosliget, raising funds to regreen the planet!","datePublished":"2024-05-29T19:40:47+00:00","mainEntityOfPage":{"@id":"https:\/\/bcsdh.hu\/en\/member-news\/meijer-co-is-organising-a-24-hour-walk-in-varosliget-raising-funds-to-regreen-the-planet\/"},"wordCount":347,"image":{"@id":"https:\/\/bcsdh.hu\/en\/member-news\/meijer-co-is-organising-a-24-hour-walk-in-varosliget-raising-funds-to-regreen-the-planet\/#primaryimage"},"thumbnailUrl":"https:\/\/bcsdh.hu\/wp-content\/uploads\/2023\/06\/Meijer-and-Co_webre_v2.png","articleSection":["Member News"],"inLanguage":"en-US"},{"@type":"WebPage","@id":"https:\/\/bcsdh.hu\/en\/member-news\/meijer-co-is-organising-a-24-hour-walk-in-varosliget-raising-funds-to-regreen-the-planet\/","url":"https:\/\/bcsdh.hu\/en\/member-news\/meijer-co-is-organising-a-24-hour-walk-in-varosliget-raising-funds-to-regreen-the-planet\/","name":"Meijer &Co is organising a 24-hour walk in Varosliget, raising funds to regreen the planet! - BCSDH","isPartOf":{"@id":"https:\/\/bcsdh.hu\/#website"},"primaryImageOfPage":{"@id":"https:\/\/bcsdh.hu\/en\/member-news\/meijer-co-is-organising-a-24-hour-walk-in-varosliget-raising-funds-to-regreen-the-planet\/#primaryimage"},"image":{"@id":"https:\/\/bcsdh.hu\/en\/member-news\/meijer-co-is-organising-a-24-hour-walk-in-varosliget-raising-funds-to-regreen-the-planet\/#primaryimage"},"thumbnailUrl":"https:\/\/bcsdh.hu\/wp-content\/uploads\/2023\/06\/Meijer-and-Co_webre_v2.png","datePublished":"2024-05-29T19:40:47+00:00","author":{"@id":"https:\/\/bcsdh.hu\/#\/schema\/person\/34a22f1b63367fd1b15e53206e72b358"},"breadcrumb":{"@id":"https:\/\/bcsdh.hu\/en\/member-news\/meijer-co-is-organising-a-24-hour-walk-in-varosliget-raising-funds-to-regreen-the-planet\/#breadcrumb"},"inLanguage":"en-US","potentialAction":[{"@type":"ReadAction","target":["https:\/\/bcsdh.hu\/en\/member-news\/meijer-co-is-organising-a-24-hour-walk-in-varosliget-raising-funds-to-regreen-the-planet\/"]}]},{"@type":"ImageObject","inLanguage":"en-US","@id":"https:\/\/bcsdh.hu\/en\/member-news\/meijer-co-is-organising-a-24-hour-walk-in-varosliget-raising-funds-to-regreen-the-planet\/#primaryimage","url":"https:\/\/bcsdh.hu\/wp-content\/uploads\/2023\/06\/Meijer-and-Co_webre_v2.png","contentUrl":"https:\/\/bcsdh.hu\/wp-content\/uploads\/2023\/06\/Meijer-and-Co_webre_v2.png","width":451,"height":114},{"@type":"BreadcrumbList","@id":"https:\/\/bcsdh.hu\/en\/member-news\/meijer-co-is-organising-a-24-hour-walk-in-varosliget-raising-funds-to-regreen-the-planet\/#breadcrumb","itemListElement":[{"@type":"ListItem","position":1,"name":"Kezd\u0151lap","item":"https:\/\/bcsdh.hu\/en\/bcsdh-the-business-council-for-sustainable-development-in-hungary\/"},{"@type":"ListItem","position":2,"name":"Meijer &#038;Co is organising a 24-hour walk in Varosliget, raising funds to regreen the planet!"}]},{"@type":"WebSite","@id":"https:\/\/bcsdh.hu\/#website","url":"https:\/\/bcsdh.hu\/","name":"BCSDH","description":"Magyarorsz\u00e1gi \u00dczleti Tan\u00e1cs a Fenntarthat\u00f3 Fejl\u0151d\u00e9s\u00e9rt (BCSDH) az \u00dczleti Vil\u00e1gtan\u00e1cs a Fenntarthat\u00f3 Fejl\u0151d\u00e9s\u00e9rt hazai szervezete.","potentialAction":[{"@type":"SearchAction","target":{"@type":"EntryPoint","urlTemplate":"https:\/\/bcsdh.hu\/?s={search_term_string}"},"query-input":{"@type":"PropertyValueSpecification","valueRequired":true,"valueName":"search_term_string"}}],"inLanguage":"en-US"},{"@type":"Person","@id":"https:\/\/bcsdh.hu\/#\/schema\/person\/34a22f1b63367fd1b15e53206e72b358","name":"Balasfalvi-Lukacsi Mariann","url":"https:\/\/bcsdh.hu\/en\/author\/balasfalvi-lukacsi-mariann\/"}]}},"_links":{"self":[{"href":"https:\/\/bcsdh.hu\/en\/wp-json\/wp\/v2\/posts\/62076","targetHints":{"allow":["GET"]}}],"collection":[{"href":"https:\/\/bcsdh.hu\/en\/wp-json\/wp\/v2\/posts"}],"about":[{"href":"https:\/\/bcsdh.hu\/en\/wp-json\/wp\/v2\/types\/post"}],"author":[{"embeddable":true,"href":"https:\/\/bcsdh.hu\/en\/wp-json\/wp\/v2\/users\/4"}],"replies":[{"embeddable":true,"href":"https:\/\/bcsdh.hu\/en\/wp-json\/wp\/v2\/comments?post=62076"}],"version-history":[{"count":3,"href":"https:\/\/bcsdh.hu\/en\/wp-json\/wp\/v2\/posts\/62076\/revisions"}],"predecessor-version":[{"id":62079,"href":"https:\/\/bcsdh.hu\/en\/wp-json\/wp\/v2\/posts\/62076\/revisions\/62079"}],"wp:featuredmedia":[{"embeddable":true,"href":"https:\/\/bcsdh.hu\/en\/wp-json\/wp\/v2\/media\/52921"}],"wp:attachment":[{"href":"https:\/\/bcsdh.hu\/en\/wp-json\/wp\/v2\/media?parent=62076"}],"wp:term":[{"taxonomy":"category","embeddable":true,"href":"https:\/\/bcsdh.hu\/en\/wp-json\/wp\/v2\/categories?post=62076"},{"taxonomy":"post_tag","embeddable":true,"href":"https:\/\/bcsdh.hu\/en\/wp-json\/wp\/v2\/tags?post=62076"}],"curies":[{"name":"wp","href":"https:\/\/api.w.org\/{rel}","templated":true}]}}