{"id":64086,"date":"2024-07-03T11:37:20","date_gmt":"2024-07-03T09:37:20","guid":{"rendered":"https:\/\/bcsdh.hu\/uncategorized-en\/muanyagmentes-julius-szemleletformalo-kampanyt-inditott-a-spar-2\/"},"modified":"2024-10-17T22:16:06","modified_gmt":"2024-10-17T20:16:06","slug":"muanyagmentes-julius-szemleletformalo-kampanyt-inditott-a-spar-2","status":"publish","type":"post","link":"https:\/\/bcsdh.hu\/en\/member-news\/muanyagmentes-julius-szemleletformalo-kampanyt-inditott-a-spar-2\/","title":{"rendered":"Plastic-free July: SPAR launches awareness campaign"},"content":{"rendered":"<div class=\"title\">\n<div class=\"container \" data-component-title=\"Headline\">\n<p><strong>SPAR Hungary has also joined the plastic-free July. This month-long awareness initiative aims to highlight the importance of reducing plastic waste to shoppers and more than 14 000 employees of the company.<\/strong><\/p>\n<p><img decoding=\"async\" class=\"aligncenter size-large wp-image-64081 lazyload\" data-src=\"https:\/\/bcsdh.hu\/wp-content\/uploads\/2024\/09\/spar8-1030x1030.jpg\" alt=\"\" width=\"1030\" height=\"1030\" data-srcset=\"https:\/\/bcsdh.hu\/wp-content\/uploads\/2024\/09\/spar8-1030x1030.jpg 1030w, https:\/\/bcsdh.hu\/wp-content\/uploads\/2024\/09\/spar8-170x170.jpg 170w, https:\/\/bcsdh.hu\/wp-content\/uploads\/2024\/09\/spar8-80x80.jpg 80w, https:\/\/bcsdh.hu\/wp-content\/uploads\/2024\/09\/spar8-768x768.jpg 768w, https:\/\/bcsdh.hu\/wp-content\/uploads\/2024\/09\/spar8-36x36.jpg 36w, https:\/\/bcsdh.hu\/wp-content\/uploads\/2024\/09\/spar8-180x180.jpg 180w, https:\/\/bcsdh.hu\/wp-content\/uploads\/2024\/09\/spar8-705x705.jpg 705w, https:\/\/bcsdh.hu\/wp-content\/uploads\/2024\/09\/spar8-423x423.jpg 423w, https:\/\/bcsdh.hu\/wp-content\/uploads\/2024\/09\/spar8.jpg 1200w\" data-sizes=\"(max-width: 1030px) 100vw, 1030px\" src=\"data:image\/svg+xml;base64,PHN2ZyB3aWR0aD0iMSIgaGVpZ2h0PSIxIiB4bWxucz0iaHR0cDovL3d3dy53My5vcmcvMjAwMC9zdmciPjwvc3ZnPg==\" style=\"--smush-placeholder-width: 1030px; --smush-placeholder-aspect-ratio: 1030\/1030;\" \/><\/p>\n<\/div>\n<\/div>\n<article class=\"text-image container content-container\">\n<div class=\"row \">\n<div class=\"text__container clearfix row\">\n<div class=\"text text-left col-12 \">\n<div class=\"text__paragraph \">\n<p>Responsible waste management is an important part of the sustainability programme of SPAR Hungary, including the reduction of plastic waste as a key objective. The company also pays great attention to raising awareness. The ten-part animated series \u00d6KO KALAND (ECO ADVENTURE), available on SPAR&#8217;s YouTube page, tells preschoolers and pupils about topics such as the importance of sorted waste collection and avoiding single-use plastics. The \u201cTervezz okosan!\u201d (Plan smartly!) publication, also available online, issued in partnership with Nestl\u00e9 Hung\u00e1ria, supports the development of environmentally-conscious consumption habits with comprehensive information and practical tips that are easy on the wallet.<\/p>\n<p>&#8220;Plastic waste generated in households is a major challenge in waste management. This is why our company has launched the Plastic-free July campaign from the first day of the month to raise awareness among our customers and almost 14 000 employees about the importance of reducing plastic use. In addition to the SPAR website, the initiative is also launched on store posters, the company&#8217;s Instagram page, flyers and the MySPAR app during the month of July,&#8221; explained M\u00e1rk Maczelka, head of communications at SPAR Hungary.<\/p>\n<p>The company is offering its customers a reusable, easy-to-clean fruit and vegetable bag package at the special price of 99 HUF, to support cutting the amount of non-degradable waste. At the same time, shoppers are also reminded that reusable bakery bags are suitable for buying vegetables and fruit as well. According to SPAR, it is also important that consumers choose reusable shopping bags made from recycled materials and that they use their own flasks instead of disposable bottles.<\/p>\n<p><img decoding=\"async\" class=\"aligncenter size-large wp-image-64079 lazyload\" data-src=\"https:\/\/bcsdh.hu\/wp-content\/uploads\/2024\/09\/spar9-1030x687.jpg\" alt=\"\" width=\"1030\" height=\"687\" data-srcset=\"https:\/\/bcsdh.hu\/wp-content\/uploads\/2024\/09\/spar9-1030x687.jpg 1030w, https:\/\/bcsdh.hu\/wp-content\/uploads\/2024\/09\/spar9-255x170.jpg 255w, https:\/\/bcsdh.hu\/wp-content\/uploads\/2024\/09\/spar9-768x512.jpg 768w, https:\/\/bcsdh.hu\/wp-content\/uploads\/2024\/09\/spar9-1536x1025.jpg 1536w, https:\/\/bcsdh.hu\/wp-content\/uploads\/2024\/09\/spar9-1500x1001.jpg 1500w, https:\/\/bcsdh.hu\/wp-content\/uploads\/2024\/09\/spar9-705x470.jpg 705w, https:\/\/bcsdh.hu\/wp-content\/uploads\/2024\/09\/spar9-634x423.jpg 634w, https:\/\/bcsdh.hu\/wp-content\/uploads\/2024\/09\/spar9.jpg 1920w\" data-sizes=\"(max-width: 1030px) 100vw, 1030px\" src=\"data:image\/svg+xml;base64,PHN2ZyB3aWR0aD0iMSIgaGVpZ2h0PSIxIiB4bWxucz0iaHR0cDovL3d3dy53My5vcmcvMjAwMC9zdmciPjwvc3ZnPg==\" style=\"--smush-placeholder-width: 1030px; --smush-placeholder-aspect-ratio: 1030\/687;\" \/><\/p>\n<p>With rethinking consumer habits, planning shopping well and using environmentally-friendly products, everyone can minimise waste. SPAR will also be publishing useful tips on its Instagram platform, and will be encouraging its conscious shoppers with a prize draw during the campaign.<\/p>\n<p>The company is also trying to reach its almost 14 000 employees with useful sustainability messages that will help them to reduce the amount of paper and water they use at work and at home, in addition to the plastic waste they generate. For example, using their own mug and aluminium flasks, saving energy in common areas, using water sparingly, using elevators less and collecting waste separately. The company will also organise biodiversity and sustainability presentations for its employees on 22 July 2024, which will be made available for them to watch.<\/p>\n<p>The SPAR \u00d6KO KALAND animated series is available at the following link: <a href=\"https:\/\/www.youtube.com\/watch?v=zRb8nyc9fvU&amp;list=PL7ShKg970sBDwhWud5KomzqkakUfP-oe4\">https:\/\/www.youtube.com\/watch?v=zRb8nyc9fvU&amp;list=PL7ShKg970sBDwhWud5KomzqkakUfP-oe4<\/a><\/p>\n<p>The \u201cTervezz okosan!\u201d (Plan smartly!) publication issued jointly with Nestl\u00e9 Hung\u00e1ria is available at: <a href=\"https:\/\/www.sparafenntarthatojovoert.hu\/tervezzokosan\/\">https:\/\/www.sparafenntarthatojovoert.hu\/tervezzokosan\/<\/a><\/p>\n<p>The SPAR Instagram page is available via the link: <a href=\"https:\/\/www.instagram.com\/sparmagyarorszag\/\">https:\/\/www.instagram.com\/sparmagyarorszag\/<\/a><\/p>\n<\/div>\n<\/div>\n<\/div>\n<\/div>\n<\/article>\n","protected":false},"excerpt":{"rendered":"<p>SPAR Hungary has also joined the plastic-free July. This month-long awareness initiative aims to highlight the importance of reducing plastic waste to shoppers and more than 14 000 employees of [&hellip;]<\/p>\n","protected":false},"author":4,"featured_media":38745,"comment_status":"closed","ping_status":"closed","sticky":false,"template":"","format":"standard","meta":{"footnotes":""},"categories":[54],"tags":[],"class_list":["post-64086","post","type-post","status-publish","format-standard","has-post-thumbnail","hentry","category-member-news"],"yoast_head":"<!-- This site is optimized with the Yoast SEO plugin v27.5 - https:\/\/yoast.com\/product\/yoast-seo-wordpress\/ -->\n<title>Plastic-free July: SPAR launches awareness campaign - BCSDH<\/title>\n<meta name=\"robots\" content=\"index, follow, max-snippet:-1, max-image-preview:large, max-video-preview:-1\" \/>\n<link rel=\"canonical\" href=\"https:\/\/bcsdh.hu\/en\/member-news\/muanyagmentes-julius-szemleletformalo-kampanyt-inditott-a-spar-2\/\" \/>\n<meta property=\"og:locale\" content=\"en_US\" \/>\n<meta property=\"og:type\" content=\"article\" \/>\n<meta property=\"og:title\" content=\"Plastic-free July: SPAR launches awareness campaign - BCSDH\" \/>\n<meta property=\"og:description\" content=\"SPAR Hungary has also joined the plastic-free July. This month-long awareness initiative aims to highlight the importance of reducing plastic waste to shoppers and more than 14 000 employees of [&hellip;]\" \/>\n<meta property=\"og:url\" content=\"https:\/\/bcsdh.hu\/en\/member-news\/muanyagmentes-julius-szemleletformalo-kampanyt-inditott-a-spar-2\/\" \/>\n<meta property=\"og:site_name\" content=\"BCSDH\" \/>\n<meta property=\"article:published_time\" content=\"2024-07-03T09:37:20+00:00\" \/>\n<meta property=\"article:modified_time\" content=\"2024-10-17T20:16:06+00:00\" \/>\n<meta property=\"og:image\" content=\"https:\/\/bcsdh.hu\/wp-content\/uploads\/2022\/01\/spar.png\" \/>\n\t<meta property=\"og:image:width\" content=\"450\" \/>\n\t<meta property=\"og:image:height\" content=\"170\" \/>\n\t<meta property=\"og:image:type\" content=\"image\/png\" \/>\n<meta name=\"author\" content=\"Balasfalvi-Lukacsi Mariann\" \/>\n<meta name=\"twitter:card\" content=\"summary_large_image\" \/>\n<meta name=\"twitter:label1\" content=\"Written by\" \/>\n\t<meta name=\"twitter:data1\" content=\"Balasfalvi-Lukacsi Mariann\" \/>\n\t<meta name=\"twitter:label2\" content=\"Est. reading time\" \/>\n\t<meta name=\"twitter:data2\" content=\"3 minutes\" \/>\n<script type=\"application\/ld+json\" class=\"yoast-schema-graph\">{\"@context\":\"https:\\\/\\\/schema.org\",\"@graph\":[{\"@type\":\"Article\",\"@id\":\"https:\\\/\\\/bcsdh.hu\\\/en\\\/member-news\\\/muanyagmentes-julius-szemleletformalo-kampanyt-inditott-a-spar-2\\\/#article\",\"isPartOf\":{\"@id\":\"https:\\\/\\\/bcsdh.hu\\\/en\\\/member-news\\\/muanyagmentes-julius-szemleletformalo-kampanyt-inditott-a-spar-2\\\/\"},\"author\":{\"name\":\"Balasfalvi-Lukacsi Mariann\",\"@id\":\"https:\\\/\\\/bcsdh.hu\\\/#\\\/schema\\\/person\\\/34a22f1b63367fd1b15e53206e72b358\"},\"headline\":\"Plastic-free July: SPAR launches awareness campaign\",\"datePublished\":\"2024-07-03T09:37:20+00:00\",\"dateModified\":\"2024-10-17T20:16:06+00:00\",\"mainEntityOfPage\":{\"@id\":\"https:\\\/\\\/bcsdh.hu\\\/en\\\/member-news\\\/muanyagmentes-julius-szemleletformalo-kampanyt-inditott-a-spar-2\\\/\"},\"wordCount\":487,\"image\":{\"@id\":\"https:\\\/\\\/bcsdh.hu\\\/en\\\/member-news\\\/muanyagmentes-julius-szemleletformalo-kampanyt-inditott-a-spar-2\\\/#primaryimage\"},\"thumbnailUrl\":\"https:\\\/\\\/bcsdh.hu\\\/wp-content\\\/uploads\\\/2022\\\/01\\\/spar.png\",\"articleSection\":[\"Member News\"],\"inLanguage\":\"en-US\"},{\"@type\":\"WebPage\",\"@id\":\"https:\\\/\\\/bcsdh.hu\\\/en\\\/member-news\\\/muanyagmentes-julius-szemleletformalo-kampanyt-inditott-a-spar-2\\\/\",\"url\":\"https:\\\/\\\/bcsdh.hu\\\/en\\\/member-news\\\/muanyagmentes-julius-szemleletformalo-kampanyt-inditott-a-spar-2\\\/\",\"name\":\"Plastic-free July: SPAR launches awareness campaign - BCSDH\",\"isPartOf\":{\"@id\":\"https:\\\/\\\/bcsdh.hu\\\/#website\"},\"primaryImageOfPage\":{\"@id\":\"https:\\\/\\\/bcsdh.hu\\\/en\\\/member-news\\\/muanyagmentes-julius-szemleletformalo-kampanyt-inditott-a-spar-2\\\/#primaryimage\"},\"image\":{\"@id\":\"https:\\\/\\\/bcsdh.hu\\\/en\\\/member-news\\\/muanyagmentes-julius-szemleletformalo-kampanyt-inditott-a-spar-2\\\/#primaryimage\"},\"thumbnailUrl\":\"https:\\\/\\\/bcsdh.hu\\\/wp-content\\\/uploads\\\/2022\\\/01\\\/spar.png\",\"datePublished\":\"2024-07-03T09:37:20+00:00\",\"dateModified\":\"2024-10-17T20:16:06+00:00\",\"author\":{\"@id\":\"https:\\\/\\\/bcsdh.hu\\\/#\\\/schema\\\/person\\\/34a22f1b63367fd1b15e53206e72b358\"},\"breadcrumb\":{\"@id\":\"https:\\\/\\\/bcsdh.hu\\\/en\\\/member-news\\\/muanyagmentes-julius-szemleletformalo-kampanyt-inditott-a-spar-2\\\/#breadcrumb\"},\"inLanguage\":\"en-US\",\"potentialAction\":[{\"@type\":\"ReadAction\",\"target\":[\"https:\\\/\\\/bcsdh.hu\\\/en\\\/member-news\\\/muanyagmentes-julius-szemleletformalo-kampanyt-inditott-a-spar-2\\\/\"]}]},{\"@type\":\"ImageObject\",\"inLanguage\":\"en-US\",\"@id\":\"https:\\\/\\\/bcsdh.hu\\\/en\\\/member-news\\\/muanyagmentes-julius-szemleletformalo-kampanyt-inditott-a-spar-2\\\/#primaryimage\",\"url\":\"https:\\\/\\\/bcsdh.hu\\\/wp-content\\\/uploads\\\/2022\\\/01\\\/spar.png\",\"contentUrl\":\"https:\\\/\\\/bcsdh.hu\\\/wp-content\\\/uploads\\\/2022\\\/01\\\/spar.png\",\"width\":450,\"height\":170},{\"@type\":\"BreadcrumbList\",\"@id\":\"https:\\\/\\\/bcsdh.hu\\\/en\\\/member-news\\\/muanyagmentes-julius-szemleletformalo-kampanyt-inditott-a-spar-2\\\/#breadcrumb\",\"itemListElement\":[{\"@type\":\"ListItem\",\"position\":1,\"name\":\"Kezd\u0151lap\",\"item\":\"https:\\\/\\\/bcsdh.hu\\\/en\\\/bcsdh-the-business-council-for-sustainable-development-in-hungary\\\/\"},{\"@type\":\"ListItem\",\"position\":2,\"name\":\"Plastic-free July: SPAR launches awareness campaign\"}]},{\"@type\":\"WebSite\",\"@id\":\"https:\\\/\\\/bcsdh.hu\\\/#website\",\"url\":\"https:\\\/\\\/bcsdh.hu\\\/\",\"name\":\"BCSDH\",\"description\":\"Magyarorsz\u00e1gi \u00dczleti Tan\u00e1cs a Fenntarthat\u00f3 Fejl\u0151d\u00e9s\u00e9rt (BCSDH) az \u00dczleti Vil\u00e1gtan\u00e1cs a Fenntarthat\u00f3 Fejl\u0151d\u00e9s\u00e9rt hazai szervezete.\",\"potentialAction\":[{\"@type\":\"SearchAction\",\"target\":{\"@type\":\"EntryPoint\",\"urlTemplate\":\"https:\\\/\\\/bcsdh.hu\\\/?s={search_term_string}\"},\"query-input\":{\"@type\":\"PropertyValueSpecification\",\"valueRequired\":true,\"valueName\":\"search_term_string\"}}],\"inLanguage\":\"en-US\"},{\"@type\":\"Person\",\"@id\":\"https:\\\/\\\/bcsdh.hu\\\/#\\\/schema\\\/person\\\/34a22f1b63367fd1b15e53206e72b358\",\"name\":\"Balasfalvi-Lukacsi Mariann\",\"url\":\"https:\\\/\\\/bcsdh.hu\\\/en\\\/author\\\/balasfalvi-lukacsi-mariann\\\/\"}]}<\/script>\n<!-- \/ Yoast SEO plugin. -->","yoast_head_json":{"title":"Plastic-free July: SPAR launches awareness campaign - BCSDH","robots":{"index":"index","follow":"follow","max-snippet":"max-snippet:-1","max-image-preview":"max-image-preview:large","max-video-preview":"max-video-preview:-1"},"canonical":"https:\/\/bcsdh.hu\/en\/member-news\/muanyagmentes-julius-szemleletformalo-kampanyt-inditott-a-spar-2\/","og_locale":"en_US","og_type":"article","og_title":"Plastic-free July: SPAR launches awareness campaign - BCSDH","og_description":"SPAR Hungary has also joined the plastic-free July. This month-long awareness initiative aims to highlight the importance of reducing plastic waste to shoppers and more than 14 000 employees of [&hellip;]","og_url":"https:\/\/bcsdh.hu\/en\/member-news\/muanyagmentes-julius-szemleletformalo-kampanyt-inditott-a-spar-2\/","og_site_name":"BCSDH","article_published_time":"2024-07-03T09:37:20+00:00","article_modified_time":"2024-10-17T20:16:06+00:00","og_image":[{"width":450,"height":170,"url":"https:\/\/bcsdh.hu\/wp-content\/uploads\/2022\/01\/spar.png","type":"image\/png"}],"author":"Balasfalvi-Lukacsi Mariann","twitter_card":"summary_large_image","twitter_misc":{"Written by":"Balasfalvi-Lukacsi Mariann","Est. reading time":"3 minutes"},"schema":{"@context":"https:\/\/schema.org","@graph":[{"@type":"Article","@id":"https:\/\/bcsdh.hu\/en\/member-news\/muanyagmentes-julius-szemleletformalo-kampanyt-inditott-a-spar-2\/#article","isPartOf":{"@id":"https:\/\/bcsdh.hu\/en\/member-news\/muanyagmentes-julius-szemleletformalo-kampanyt-inditott-a-spar-2\/"},"author":{"name":"Balasfalvi-Lukacsi Mariann","@id":"https:\/\/bcsdh.hu\/#\/schema\/person\/34a22f1b63367fd1b15e53206e72b358"},"headline":"Plastic-free July: SPAR launches awareness campaign","datePublished":"2024-07-03T09:37:20+00:00","dateModified":"2024-10-17T20:16:06+00:00","mainEntityOfPage":{"@id":"https:\/\/bcsdh.hu\/en\/member-news\/muanyagmentes-julius-szemleletformalo-kampanyt-inditott-a-spar-2\/"},"wordCount":487,"image":{"@id":"https:\/\/bcsdh.hu\/en\/member-news\/muanyagmentes-julius-szemleletformalo-kampanyt-inditott-a-spar-2\/#primaryimage"},"thumbnailUrl":"https:\/\/bcsdh.hu\/wp-content\/uploads\/2022\/01\/spar.png","articleSection":["Member News"],"inLanguage":"en-US"},{"@type":"WebPage","@id":"https:\/\/bcsdh.hu\/en\/member-news\/muanyagmentes-julius-szemleletformalo-kampanyt-inditott-a-spar-2\/","url":"https:\/\/bcsdh.hu\/en\/member-news\/muanyagmentes-julius-szemleletformalo-kampanyt-inditott-a-spar-2\/","name":"Plastic-free July: SPAR launches awareness campaign - BCSDH","isPartOf":{"@id":"https:\/\/bcsdh.hu\/#website"},"primaryImageOfPage":{"@id":"https:\/\/bcsdh.hu\/en\/member-news\/muanyagmentes-julius-szemleletformalo-kampanyt-inditott-a-spar-2\/#primaryimage"},"image":{"@id":"https:\/\/bcsdh.hu\/en\/member-news\/muanyagmentes-julius-szemleletformalo-kampanyt-inditott-a-spar-2\/#primaryimage"},"thumbnailUrl":"https:\/\/bcsdh.hu\/wp-content\/uploads\/2022\/01\/spar.png","datePublished":"2024-07-03T09:37:20+00:00","dateModified":"2024-10-17T20:16:06+00:00","author":{"@id":"https:\/\/bcsdh.hu\/#\/schema\/person\/34a22f1b63367fd1b15e53206e72b358"},"breadcrumb":{"@id":"https:\/\/bcsdh.hu\/en\/member-news\/muanyagmentes-julius-szemleletformalo-kampanyt-inditott-a-spar-2\/#breadcrumb"},"inLanguage":"en-US","potentialAction":[{"@type":"ReadAction","target":["https:\/\/bcsdh.hu\/en\/member-news\/muanyagmentes-julius-szemleletformalo-kampanyt-inditott-a-spar-2\/"]}]},{"@type":"ImageObject","inLanguage":"en-US","@id":"https:\/\/bcsdh.hu\/en\/member-news\/muanyagmentes-julius-szemleletformalo-kampanyt-inditott-a-spar-2\/#primaryimage","url":"https:\/\/bcsdh.hu\/wp-content\/uploads\/2022\/01\/spar.png","contentUrl":"https:\/\/bcsdh.hu\/wp-content\/uploads\/2022\/01\/spar.png","width":450,"height":170},{"@type":"BreadcrumbList","@id":"https:\/\/bcsdh.hu\/en\/member-news\/muanyagmentes-julius-szemleletformalo-kampanyt-inditott-a-spar-2\/#breadcrumb","itemListElement":[{"@type":"ListItem","position":1,"name":"Kezd\u0151lap","item":"https:\/\/bcsdh.hu\/en\/bcsdh-the-business-council-for-sustainable-development-in-hungary\/"},{"@type":"ListItem","position":2,"name":"Plastic-free July: SPAR launches awareness campaign"}]},{"@type":"WebSite","@id":"https:\/\/bcsdh.hu\/#website","url":"https:\/\/bcsdh.hu\/","name":"BCSDH","description":"Magyarorsz\u00e1gi \u00dczleti Tan\u00e1cs a Fenntarthat\u00f3 Fejl\u0151d\u00e9s\u00e9rt (BCSDH) az \u00dczleti Vil\u00e1gtan\u00e1cs a Fenntarthat\u00f3 Fejl\u0151d\u00e9s\u00e9rt hazai szervezete.","potentialAction":[{"@type":"SearchAction","target":{"@type":"EntryPoint","urlTemplate":"https:\/\/bcsdh.hu\/?s={search_term_string}"},"query-input":{"@type":"PropertyValueSpecification","valueRequired":true,"valueName":"search_term_string"}}],"inLanguage":"en-US"},{"@type":"Person","@id":"https:\/\/bcsdh.hu\/#\/schema\/person\/34a22f1b63367fd1b15e53206e72b358","name":"Balasfalvi-Lukacsi Mariann","url":"https:\/\/bcsdh.hu\/en\/author\/balasfalvi-lukacsi-mariann\/"}]}},"_links":{"self":[{"href":"https:\/\/bcsdh.hu\/en\/wp-json\/wp\/v2\/posts\/64086","targetHints":{"allow":["GET"]}}],"collection":[{"href":"https:\/\/bcsdh.hu\/en\/wp-json\/wp\/v2\/posts"}],"about":[{"href":"https:\/\/bcsdh.hu\/en\/wp-json\/wp\/v2\/types\/post"}],"author":[{"embeddable":true,"href":"https:\/\/bcsdh.hu\/en\/wp-json\/wp\/v2\/users\/4"}],"replies":[{"embeddable":true,"href":"https:\/\/bcsdh.hu\/en\/wp-json\/wp\/v2\/comments?post=64086"}],"version-history":[{"count":2,"href":"https:\/\/bcsdh.hu\/en\/wp-json\/wp\/v2\/posts\/64086\/revisions"}],"predecessor-version":[{"id":64087,"href":"https:\/\/bcsdh.hu\/en\/wp-json\/wp\/v2\/posts\/64086\/revisions\/64087"}],"wp:featuredmedia":[{"embeddable":true,"href":"https:\/\/bcsdh.hu\/en\/wp-json\/wp\/v2\/media\/38745"}],"wp:attachment":[{"href":"https:\/\/bcsdh.hu\/en\/wp-json\/wp\/v2\/media?parent=64086"}],"wp:term":[{"taxonomy":"category","embeddable":true,"href":"https:\/\/bcsdh.hu\/en\/wp-json\/wp\/v2\/categories?post=64086"},{"taxonomy":"post_tag","embeddable":true,"href":"https:\/\/bcsdh.hu\/en\/wp-json\/wp\/v2\/tags?post=64086"}],"curies":[{"name":"wp","href":"https:\/\/api.w.org\/{rel}","templated":true}]}}