{"id":72159,"date":"2025-09-03T14:18:50","date_gmt":"2025-09-03T12:18:50","guid":{"rendered":"https:\/\/bcsdh.hu\/?p=72159"},"modified":"2025-09-04T12:44:26","modified_gmt":"2025-09-04T10:44:26","slug":"digital-awareness-week-in-cooperation-with-bcsdh-september-22-28","status":"publish","type":"post","link":"https:\/\/bcsdh.hu\/en\/news\/digital-awareness-week-in-cooperation-with-bcsdh-september-22-28\/","title":{"rendered":"Digital Awareness Week in cooperation with BCSDH \u2013 September 22-28"},"content":{"rendered":"<p>BCSDH has joined as a collaborating partner in Digital Awareness Week (DT7), which will be held between September 22 and 28, 2025, and is being organized in partnership with our member company, Carbone.Crane. This unique initiative is an awareness-raising program that provides a comprehensive overview of sustainability, cybersecurity, and reliable information in the digital world.<\/p>\n<p>The organizers are dedicating a specific period of time\u2014one day\u2014to each topic, during which experts will summarize the most important information with the help of articles, interviews, and podcasts. In order to ensure that concrete steps are taken, challenges related to the topics will also be published, which participants will be able to join.<\/p>\n<p>The aim of the program is to make the environmental, energy, and social impacts of digital technology visible to users and, as a result of the series of events, to articulate the need for #digital awareness and to develop conscious use based on this.<\/p>\n<p>Read more: <a href=\"https:\/\/digitalistudatossaghete.hu\/\">https:\/\/digitalistudatossaghete.hu\/<\/a><\/p>\n","protected":false},"excerpt":{"rendered":"<p>BCSDH has joined as a collaborating partner in Digital Awareness Week (DT7), which will be held between September 22 and 28, 2025, and is being organized in partnership with our [&hellip;]<\/p>\n","protected":false},"author":4,"featured_media":71763,"comment_status":"closed","ping_status":"closed","sticky":false,"template":"","format":"standard","meta":{"footnotes":""},"categories":[864],"tags":[],"class_list":["post-72159","post","type-post","status-publish","format-standard","has-post-thumbnail","hentry","category-news"],"yoast_head":"<!-- This site is optimized with the Yoast SEO plugin v27.5 - https:\/\/yoast.com\/product\/yoast-seo-wordpress\/ -->\n<title>Digital Awareness Week in cooperation with BCSDH \u2013 September 22-28 - BCSDH<\/title>\n<meta name=\"robots\" content=\"index, follow, max-snippet:-1, max-image-preview:large, max-video-preview:-1\" \/>\n<link rel=\"canonical\" href=\"https:\/\/bcsdh.hu\/en\/news\/digital-awareness-week-in-cooperation-with-bcsdh-september-22-28\/\" \/>\n<meta property=\"og:locale\" content=\"en_US\" \/>\n<meta property=\"og:type\" content=\"article\" \/>\n<meta property=\"og:title\" content=\"Digital Awareness Week in cooperation with BCSDH \u2013 September 22-28 - BCSDH\" \/>\n<meta property=\"og:description\" content=\"BCSDH has joined as a collaborating partner in Digital Awareness Week (DT7), which will be held between September 22 and 28, 2025, and is being organized in partnership with our [&hellip;]\" \/>\n<meta property=\"og:url\" content=\"https:\/\/bcsdh.hu\/en\/news\/digital-awareness-week-in-cooperation-with-bcsdh-september-22-28\/\" \/>\n<meta property=\"og:site_name\" content=\"BCSDH\" \/>\n<meta property=\"article:published_time\" content=\"2025-09-03T12:18:50+00:00\" \/>\n<meta property=\"article:modified_time\" content=\"2025-09-04T10:44:26+00:00\" \/>\n<meta property=\"og:image\" content=\"https:\/\/bcsdh.hu\/wp-content\/uploads\/2025\/08\/Screenshot-2025-08-23-at-19.18.58-1030x1028.png\" \/>\n\t<meta property=\"og:image:width\" content=\"1030\" \/>\n\t<meta property=\"og:image:height\" content=\"1028\" \/>\n\t<meta property=\"og:image:type\" content=\"image\/png\" \/>\n<meta name=\"author\" content=\"Balasfalvi-Lukacsi Mariann\" \/>\n<meta name=\"twitter:card\" content=\"summary_large_image\" \/>\n<meta name=\"twitter:label1\" content=\"Written by\" \/>\n\t<meta name=\"twitter:data1\" content=\"Balasfalvi-Lukacsi Mariann\" \/>\n\t<meta name=\"twitter:label2\" content=\"Est. reading time\" \/>\n\t<meta name=\"twitter:data2\" content=\"1 minute\" \/>\n<script type=\"application\/ld+json\" class=\"yoast-schema-graph\">{\"@context\":\"https:\\\/\\\/schema.org\",\"@graph\":[{\"@type\":\"Article\",\"@id\":\"https:\\\/\\\/bcsdh.hu\\\/en\\\/news\\\/digital-awareness-week-in-cooperation-with-bcsdh-september-22-28\\\/#article\",\"isPartOf\":{\"@id\":\"https:\\\/\\\/bcsdh.hu\\\/en\\\/news\\\/digital-awareness-week-in-cooperation-with-bcsdh-september-22-28\\\/\"},\"author\":{\"name\":\"Balasfalvi-Lukacsi Mariann\",\"@id\":\"https:\\\/\\\/bcsdh.hu\\\/#\\\/schema\\\/person\\\/34a22f1b63367fd1b15e53206e72b358\"},\"headline\":\"Digital Awareness Week in cooperation with BCSDH \u2013 September 22-28\",\"datePublished\":\"2025-09-03T12:18:50+00:00\",\"dateModified\":\"2025-09-04T10:44:26+00:00\",\"mainEntityOfPage\":{\"@id\":\"https:\\\/\\\/bcsdh.hu\\\/en\\\/news\\\/digital-awareness-week-in-cooperation-with-bcsdh-september-22-28\\\/\"},\"wordCount\":167,\"image\":{\"@id\":\"https:\\\/\\\/bcsdh.hu\\\/en\\\/news\\\/digital-awareness-week-in-cooperation-with-bcsdh-september-22-28\\\/#primaryimage\"},\"thumbnailUrl\":\"https:\\\/\\\/bcsdh.hu\\\/wp-content\\\/uploads\\\/2025\\\/08\\\/Screenshot-2025-08-23-at-19.18.58.png\",\"articleSection\":[\"News\"],\"inLanguage\":\"en-US\"},{\"@type\":\"WebPage\",\"@id\":\"https:\\\/\\\/bcsdh.hu\\\/en\\\/news\\\/digital-awareness-week-in-cooperation-with-bcsdh-september-22-28\\\/\",\"url\":\"https:\\\/\\\/bcsdh.hu\\\/en\\\/news\\\/digital-awareness-week-in-cooperation-with-bcsdh-september-22-28\\\/\",\"name\":\"Digital Awareness Week in cooperation with BCSDH \u2013 September 22-28 - BCSDH\",\"isPartOf\":{\"@id\":\"https:\\\/\\\/bcsdh.hu\\\/#website\"},\"primaryImageOfPage\":{\"@id\":\"https:\\\/\\\/bcsdh.hu\\\/en\\\/news\\\/digital-awareness-week-in-cooperation-with-bcsdh-september-22-28\\\/#primaryimage\"},\"image\":{\"@id\":\"https:\\\/\\\/bcsdh.hu\\\/en\\\/news\\\/digital-awareness-week-in-cooperation-with-bcsdh-september-22-28\\\/#primaryimage\"},\"thumbnailUrl\":\"https:\\\/\\\/bcsdh.hu\\\/wp-content\\\/uploads\\\/2025\\\/08\\\/Screenshot-2025-08-23-at-19.18.58.png\",\"datePublished\":\"2025-09-03T12:18:50+00:00\",\"dateModified\":\"2025-09-04T10:44:26+00:00\",\"author\":{\"@id\":\"https:\\\/\\\/bcsdh.hu\\\/#\\\/schema\\\/person\\\/34a22f1b63367fd1b15e53206e72b358\"},\"breadcrumb\":{\"@id\":\"https:\\\/\\\/bcsdh.hu\\\/en\\\/news\\\/digital-awareness-week-in-cooperation-with-bcsdh-september-22-28\\\/#breadcrumb\"},\"inLanguage\":\"en-US\",\"potentialAction\":[{\"@type\":\"ReadAction\",\"target\":[\"https:\\\/\\\/bcsdh.hu\\\/en\\\/news\\\/digital-awareness-week-in-cooperation-with-bcsdh-september-22-28\\\/\"]}]},{\"@type\":\"ImageObject\",\"inLanguage\":\"en-US\",\"@id\":\"https:\\\/\\\/bcsdh.hu\\\/en\\\/news\\\/digital-awareness-week-in-cooperation-with-bcsdh-september-22-28\\\/#primaryimage\",\"url\":\"https:\\\/\\\/bcsdh.hu\\\/wp-content\\\/uploads\\\/2025\\\/08\\\/Screenshot-2025-08-23-at-19.18.58.png\",\"contentUrl\":\"https:\\\/\\\/bcsdh.hu\\\/wp-content\\\/uploads\\\/2025\\\/08\\\/Screenshot-2025-08-23-at-19.18.58.png\",\"width\":1104,\"height\":1102},{\"@type\":\"BreadcrumbList\",\"@id\":\"https:\\\/\\\/bcsdh.hu\\\/en\\\/news\\\/digital-awareness-week-in-cooperation-with-bcsdh-september-22-28\\\/#breadcrumb\",\"itemListElement\":[{\"@type\":\"ListItem\",\"position\":1,\"name\":\"Kezd\u0151lap\",\"item\":\"https:\\\/\\\/bcsdh.hu\\\/en\\\/bcsdh-the-business-council-for-sustainable-development-in-hungary\\\/\"},{\"@type\":\"ListItem\",\"position\":2,\"name\":\"Digital Awareness Week in cooperation with BCSDH \u2013 September 22-28\"}]},{\"@type\":\"WebSite\",\"@id\":\"https:\\\/\\\/bcsdh.hu\\\/#website\",\"url\":\"https:\\\/\\\/bcsdh.hu\\\/\",\"name\":\"BCSDH\",\"description\":\"Magyarorsz\u00e1gi \u00dczleti Tan\u00e1cs a Fenntarthat\u00f3 Fejl\u0151d\u00e9s\u00e9rt (BCSDH) az \u00dczleti Vil\u00e1gtan\u00e1cs a Fenntarthat\u00f3 Fejl\u0151d\u00e9s\u00e9rt hazai szervezete.\",\"potentialAction\":[{\"@type\":\"SearchAction\",\"target\":{\"@type\":\"EntryPoint\",\"urlTemplate\":\"https:\\\/\\\/bcsdh.hu\\\/?s={search_term_string}\"},\"query-input\":{\"@type\":\"PropertyValueSpecification\",\"valueRequired\":true,\"valueName\":\"search_term_string\"}}],\"inLanguage\":\"en-US\"},{\"@type\":\"Person\",\"@id\":\"https:\\\/\\\/bcsdh.hu\\\/#\\\/schema\\\/person\\\/34a22f1b63367fd1b15e53206e72b358\",\"name\":\"Balasfalvi-Lukacsi Mariann\",\"url\":\"https:\\\/\\\/bcsdh.hu\\\/en\\\/author\\\/balasfalvi-lukacsi-mariann\\\/\"}]}<\/script>\n<!-- \/ Yoast SEO plugin. -->","yoast_head_json":{"title":"Digital Awareness Week in cooperation with BCSDH \u2013 September 22-28 - BCSDH","robots":{"index":"index","follow":"follow","max-snippet":"max-snippet:-1","max-image-preview":"max-image-preview:large","max-video-preview":"max-video-preview:-1"},"canonical":"https:\/\/bcsdh.hu\/en\/news\/digital-awareness-week-in-cooperation-with-bcsdh-september-22-28\/","og_locale":"en_US","og_type":"article","og_title":"Digital Awareness Week in cooperation with BCSDH \u2013 September 22-28 - BCSDH","og_description":"BCSDH has joined as a collaborating partner in Digital Awareness Week (DT7), which will be held between September 22 and 28, 2025, and is being organized in partnership with our [&hellip;]","og_url":"https:\/\/bcsdh.hu\/en\/news\/digital-awareness-week-in-cooperation-with-bcsdh-september-22-28\/","og_site_name":"BCSDH","article_published_time":"2025-09-03T12:18:50+00:00","article_modified_time":"2025-09-04T10:44:26+00:00","og_image":[{"width":1030,"height":1028,"url":"https:\/\/bcsdh.hu\/wp-content\/uploads\/2025\/08\/Screenshot-2025-08-23-at-19.18.58-1030x1028.png","type":"image\/png"}],"author":"Balasfalvi-Lukacsi Mariann","twitter_card":"summary_large_image","twitter_misc":{"Written by":"Balasfalvi-Lukacsi Mariann","Est. reading time":"1 minute"},"schema":{"@context":"https:\/\/schema.org","@graph":[{"@type":"Article","@id":"https:\/\/bcsdh.hu\/en\/news\/digital-awareness-week-in-cooperation-with-bcsdh-september-22-28\/#article","isPartOf":{"@id":"https:\/\/bcsdh.hu\/en\/news\/digital-awareness-week-in-cooperation-with-bcsdh-september-22-28\/"},"author":{"name":"Balasfalvi-Lukacsi Mariann","@id":"https:\/\/bcsdh.hu\/#\/schema\/person\/34a22f1b63367fd1b15e53206e72b358"},"headline":"Digital Awareness Week in cooperation with BCSDH \u2013 September 22-28","datePublished":"2025-09-03T12:18:50+00:00","dateModified":"2025-09-04T10:44:26+00:00","mainEntityOfPage":{"@id":"https:\/\/bcsdh.hu\/en\/news\/digital-awareness-week-in-cooperation-with-bcsdh-september-22-28\/"},"wordCount":167,"image":{"@id":"https:\/\/bcsdh.hu\/en\/news\/digital-awareness-week-in-cooperation-with-bcsdh-september-22-28\/#primaryimage"},"thumbnailUrl":"https:\/\/bcsdh.hu\/wp-content\/uploads\/2025\/08\/Screenshot-2025-08-23-at-19.18.58.png","articleSection":["News"],"inLanguage":"en-US"},{"@type":"WebPage","@id":"https:\/\/bcsdh.hu\/en\/news\/digital-awareness-week-in-cooperation-with-bcsdh-september-22-28\/","url":"https:\/\/bcsdh.hu\/en\/news\/digital-awareness-week-in-cooperation-with-bcsdh-september-22-28\/","name":"Digital Awareness Week in cooperation with BCSDH \u2013 September 22-28 - BCSDH","isPartOf":{"@id":"https:\/\/bcsdh.hu\/#website"},"primaryImageOfPage":{"@id":"https:\/\/bcsdh.hu\/en\/news\/digital-awareness-week-in-cooperation-with-bcsdh-september-22-28\/#primaryimage"},"image":{"@id":"https:\/\/bcsdh.hu\/en\/news\/digital-awareness-week-in-cooperation-with-bcsdh-september-22-28\/#primaryimage"},"thumbnailUrl":"https:\/\/bcsdh.hu\/wp-content\/uploads\/2025\/08\/Screenshot-2025-08-23-at-19.18.58.png","datePublished":"2025-09-03T12:18:50+00:00","dateModified":"2025-09-04T10:44:26+00:00","author":{"@id":"https:\/\/bcsdh.hu\/#\/schema\/person\/34a22f1b63367fd1b15e53206e72b358"},"breadcrumb":{"@id":"https:\/\/bcsdh.hu\/en\/news\/digital-awareness-week-in-cooperation-with-bcsdh-september-22-28\/#breadcrumb"},"inLanguage":"en-US","potentialAction":[{"@type":"ReadAction","target":["https:\/\/bcsdh.hu\/en\/news\/digital-awareness-week-in-cooperation-with-bcsdh-september-22-28\/"]}]},{"@type":"ImageObject","inLanguage":"en-US","@id":"https:\/\/bcsdh.hu\/en\/news\/digital-awareness-week-in-cooperation-with-bcsdh-september-22-28\/#primaryimage","url":"https:\/\/bcsdh.hu\/wp-content\/uploads\/2025\/08\/Screenshot-2025-08-23-at-19.18.58.png","contentUrl":"https:\/\/bcsdh.hu\/wp-content\/uploads\/2025\/08\/Screenshot-2025-08-23-at-19.18.58.png","width":1104,"height":1102},{"@type":"BreadcrumbList","@id":"https:\/\/bcsdh.hu\/en\/news\/digital-awareness-week-in-cooperation-with-bcsdh-september-22-28\/#breadcrumb","itemListElement":[{"@type":"ListItem","position":1,"name":"Kezd\u0151lap","item":"https:\/\/bcsdh.hu\/en\/bcsdh-the-business-council-for-sustainable-development-in-hungary\/"},{"@type":"ListItem","position":2,"name":"Digital Awareness Week in cooperation with BCSDH \u2013 September 22-28"}]},{"@type":"WebSite","@id":"https:\/\/bcsdh.hu\/#website","url":"https:\/\/bcsdh.hu\/","name":"BCSDH","description":"Magyarorsz\u00e1gi \u00dczleti Tan\u00e1cs a Fenntarthat\u00f3 Fejl\u0151d\u00e9s\u00e9rt (BCSDH) az \u00dczleti Vil\u00e1gtan\u00e1cs a Fenntarthat\u00f3 Fejl\u0151d\u00e9s\u00e9rt hazai szervezete.","potentialAction":[{"@type":"SearchAction","target":{"@type":"EntryPoint","urlTemplate":"https:\/\/bcsdh.hu\/?s={search_term_string}"},"query-input":{"@type":"PropertyValueSpecification","valueRequired":true,"valueName":"search_term_string"}}],"inLanguage":"en-US"},{"@type":"Person","@id":"https:\/\/bcsdh.hu\/#\/schema\/person\/34a22f1b63367fd1b15e53206e72b358","name":"Balasfalvi-Lukacsi Mariann","url":"https:\/\/bcsdh.hu\/en\/author\/balasfalvi-lukacsi-mariann\/"}]}},"_links":{"self":[{"href":"https:\/\/bcsdh.hu\/en\/wp-json\/wp\/v2\/posts\/72159","targetHints":{"allow":["GET"]}}],"collection":[{"href":"https:\/\/bcsdh.hu\/en\/wp-json\/wp\/v2\/posts"}],"about":[{"href":"https:\/\/bcsdh.hu\/en\/wp-json\/wp\/v2\/types\/post"}],"author":[{"embeddable":true,"href":"https:\/\/bcsdh.hu\/en\/wp-json\/wp\/v2\/users\/4"}],"replies":[{"embeddable":true,"href":"https:\/\/bcsdh.hu\/en\/wp-json\/wp\/v2\/comments?post=72159"}],"version-history":[{"count":3,"href":"https:\/\/bcsdh.hu\/en\/wp-json\/wp\/v2\/posts\/72159\/revisions"}],"predecessor-version":[{"id":72185,"href":"https:\/\/bcsdh.hu\/en\/wp-json\/wp\/v2\/posts\/72159\/revisions\/72185"}],"wp:featuredmedia":[{"embeddable":true,"href":"https:\/\/bcsdh.hu\/en\/wp-json\/wp\/v2\/media\/71763"}],"wp:attachment":[{"href":"https:\/\/bcsdh.hu\/en\/wp-json\/wp\/v2\/media?parent=72159"}],"wp:term":[{"taxonomy":"category","embeddable":true,"href":"https:\/\/bcsdh.hu\/en\/wp-json\/wp\/v2\/categories?post=72159"},{"taxonomy":"post_tag","embeddable":true,"href":"https:\/\/bcsdh.hu\/en\/wp-json\/wp\/v2\/tags?post=72159"}],"curies":[{"name":"wp","href":"https:\/\/api.w.org\/{rel}","templated":true}]}}