{"id":74221,"date":"2025-11-27T14:49:14","date_gmt":"2025-11-27T13:49:14","guid":{"rendered":"https:\/\/bcsdh.hu\/?p=74221"},"modified":"2025-12-02T17:03:09","modified_gmt":"2025-12-02T16:03:09","slug":"cop30-in-brazil-in-the-spirit-of-mutirao-dr-barbara-wassens-first-hand-account-of-cop-at-the-race-to-zero-working-group","status":"publish","type":"post","link":"https:\/\/bcsdh.hu\/en\/news\/cop30-in-brazil-in-the-spirit-of-mutirao-dr-barbara-wassens-first-hand-account-of-cop-at-the-race-to-zero-working-group\/","title":{"rendered":"COP30 in Brazil in the spirit of mutir\u00e3o \u2013 Dr. Barbara Wassen&#8217;s first-hand account of COP at the Race to Zero working group"},"content":{"rendered":"<p>One of the BCSDH Race to Zero working group&#8217;s key events of the year took place on November 25. The meeting was particularly timely, as COP30 had ended just a few days earlier in Bel\u00e9m, allowing participants to receive first-hand, reliable, and detailed information about the most important climate policy developments of the year.<\/p>\n<table style=\"border-collapse: collapse; width: 100%;\">\n<tbody>\n<tr>\n<td style=\"width: 50%;\"><img decoding=\"async\" class=\"alignnone size-full wp-image-74075 lazyload\" data-src=\"https:\/\/bcsdh.hu\/wp-content\/uploads\/2025\/11\/IMG_1167-scaled.jpg\" alt=\"\" width=\"2560\" height=\"1920\" data-srcset=\"https:\/\/bcsdh.hu\/wp-content\/uploads\/2025\/11\/IMG_1167-scaled.jpg 2560w, https:\/\/bcsdh.hu\/wp-content\/uploads\/2025\/11\/IMG_1167-227x170.jpg 227w, https:\/\/bcsdh.hu\/wp-content\/uploads\/2025\/11\/IMG_1167-1030x773.jpg 1030w, https:\/\/bcsdh.hu\/wp-content\/uploads\/2025\/11\/IMG_1167-768x576.jpg 768w, https:\/\/bcsdh.hu\/wp-content\/uploads\/2025\/11\/IMG_1167-1536x1152.jpg 1536w, https:\/\/bcsdh.hu\/wp-content\/uploads\/2025\/11\/IMG_1167-1500x1125.jpg 1500w, https:\/\/bcsdh.hu\/wp-content\/uploads\/2025\/11\/IMG_1167-705x529.jpg 705w, https:\/\/bcsdh.hu\/wp-content\/uploads\/2025\/11\/IMG_1167-564x423.jpg 564w\" data-sizes=\"(max-width: 2560px) 100vw, 2560px\" src=\"data:image\/svg+xml;base64,PHN2ZyB3aWR0aD0iMSIgaGVpZ2h0PSIxIiB4bWxucz0iaHR0cDovL3d3dy53My5vcmcvMjAwMC9zdmciPjwvc3ZnPg==\" style=\"--smush-placeholder-width: 2560px; --smush-placeholder-aspect-ratio: 2560\/1920;\" \/><\/td>\n<td style=\"width: 50%;\"><img decoding=\"async\" class=\"alignnone size-full wp-image-74077 lazyload\" data-src=\"https:\/\/bcsdh.hu\/wp-content\/uploads\/2025\/11\/IMG_1175-scaled.jpg\" alt=\"\" width=\"2560\" height=\"1920\" data-srcset=\"https:\/\/bcsdh.hu\/wp-content\/uploads\/2025\/11\/IMG_1175-scaled.jpg 2560w, https:\/\/bcsdh.hu\/wp-content\/uploads\/2025\/11\/IMG_1175-227x170.jpg 227w, https:\/\/bcsdh.hu\/wp-content\/uploads\/2025\/11\/IMG_1175-1030x773.jpg 1030w, https:\/\/bcsdh.hu\/wp-content\/uploads\/2025\/11\/IMG_1175-768x576.jpg 768w, https:\/\/bcsdh.hu\/wp-content\/uploads\/2025\/11\/IMG_1175-1536x1152.jpg 1536w, https:\/\/bcsdh.hu\/wp-content\/uploads\/2025\/11\/IMG_1175-1500x1125.jpg 1500w, https:\/\/bcsdh.hu\/wp-content\/uploads\/2025\/11\/IMG_1175-705x529.jpg 705w, https:\/\/bcsdh.hu\/wp-content\/uploads\/2025\/11\/IMG_1175-564x423.jpg 564w\" data-sizes=\"(max-width: 2560px) 100vw, 2560px\" src=\"data:image\/svg+xml;base64,PHN2ZyB3aWR0aD0iMSIgaGVpZ2h0PSIxIiB4bWxucz0iaHR0cDovL3d3dy53My5vcmcvMjAwMC9zdmciPjwvc3ZnPg==\" style=\"--smush-placeholder-width: 2560px; --smush-placeholder-aspect-ratio: 2560\/1920;\" \/><\/td>\n<\/tr>\n<\/tbody>\n<\/table>\n<p>On behalf of AutoWallis Nyrt., the host of the event, <strong>G\u00e1bor Ormosy, <\/strong>CEO welcomed the attendees, followed by <strong>Dr. Barbara Wassen<\/strong>, Ambassador-at-Large for Climate at the Energy Ministry, who gave a comprehensive presentation on the most important developments at COP30. The most important political outcome of the event was the adoption of the <strong><em>Global Mutir\u00e3o<\/em><\/strong> decision, which elevates the logic of collective action originating in Brazilian culture to a global level. This cooperation-based framework focuses on the accelerated implementation steps necessary to keep the 1.5 \u00b0C target alive, including more effective implementation of countries&#8217; nationally determined contributions (NDCs) and strengthening international cooperation.<\/p>\n<table style=\"border-collapse: collapse; width: 100%;\">\n<tbody>\n<tr>\n<td style=\"width: 50%;\"><img decoding=\"async\" class=\"alignnone size-full wp-image-74063 lazyload\" data-src=\"https:\/\/bcsdh.hu\/wp-content\/uploads\/2025\/11\/IMG_1189-scaled.jpg\" alt=\"\" width=\"2560\" height=\"1920\" data-srcset=\"https:\/\/bcsdh.hu\/wp-content\/uploads\/2025\/11\/IMG_1189-scaled.jpg 2560w, https:\/\/bcsdh.hu\/wp-content\/uploads\/2025\/11\/IMG_1189-227x170.jpg 227w, https:\/\/bcsdh.hu\/wp-content\/uploads\/2025\/11\/IMG_1189-1030x773.jpg 1030w, https:\/\/bcsdh.hu\/wp-content\/uploads\/2025\/11\/IMG_1189-768x576.jpg 768w, https:\/\/bcsdh.hu\/wp-content\/uploads\/2025\/11\/IMG_1189-1536x1152.jpg 1536w, https:\/\/bcsdh.hu\/wp-content\/uploads\/2025\/11\/IMG_1189-1500x1125.jpg 1500w, https:\/\/bcsdh.hu\/wp-content\/uploads\/2025\/11\/IMG_1189-705x529.jpg 705w, https:\/\/bcsdh.hu\/wp-content\/uploads\/2025\/11\/IMG_1189-564x423.jpg 564w\" data-sizes=\"(max-width: 2560px) 100vw, 2560px\" src=\"data:image\/svg+xml;base64,PHN2ZyB3aWR0aD0iMSIgaGVpZ2h0PSIxIiB4bWxucz0iaHR0cDovL3d3dy53My5vcmcvMjAwMC9zdmciPjwvc3ZnPg==\" style=\"--smush-placeholder-width: 2560px; --smush-placeholder-aspect-ratio: 2560\/1920;\" \/><\/td>\n<td style=\"width: 50%;\"><img decoding=\"async\" class=\"alignnone size-full wp-image-74080 lazyload\" data-src=\"https:\/\/bcsdh.hu\/wp-content\/uploads\/2025\/11\/IMG_1216-scaled.jpg\" alt=\"\" width=\"2560\" height=\"1920\" data-srcset=\"https:\/\/bcsdh.hu\/wp-content\/uploads\/2025\/11\/IMG_1216-scaled.jpg 2560w, https:\/\/bcsdh.hu\/wp-content\/uploads\/2025\/11\/IMG_1216-227x170.jpg 227w, https:\/\/bcsdh.hu\/wp-content\/uploads\/2025\/11\/IMG_1216-1030x773.jpg 1030w, https:\/\/bcsdh.hu\/wp-content\/uploads\/2025\/11\/IMG_1216-768x576.jpg 768w, https:\/\/bcsdh.hu\/wp-content\/uploads\/2025\/11\/IMG_1216-1536x1152.jpg 1536w, https:\/\/bcsdh.hu\/wp-content\/uploads\/2025\/11\/IMG_1216-1500x1125.jpg 1500w, https:\/\/bcsdh.hu\/wp-content\/uploads\/2025\/11\/IMG_1216-705x529.jpg 705w, https:\/\/bcsdh.hu\/wp-content\/uploads\/2025\/11\/IMG_1216-564x423.jpg 564w\" data-sizes=\"(max-width: 2560px) 100vw, 2560px\" src=\"data:image\/svg+xml;base64,PHN2ZyB3aWR0aD0iMSIgaGVpZ2h0PSIxIiB4bWxucz0iaHR0cDovL3d3dy53My5vcmcvMjAwMC9zdmciPjwvc3ZnPg==\" style=\"--smush-placeholder-width: 2560px; --smush-placeholder-aspect-ratio: 2560\/1920;\" \/><\/td>\n<\/tr>\n<\/tbody>\n<\/table>\n<p>In the next part of the program, <strong>T\u00edmea Kov\u00e1cs<\/strong>, ESG expert at AutoWallis, presented the company&#8217;s sustainability activities and goals. The series of presentations was concluded by <strong>Ir\u00e9n M\u00e1rta<\/strong>, director of BCSDH, who presented the main current issues in the field of climate-neutral operation and adaptation.<\/p>\n<table style=\"border-collapse: collapse; width: 100%;\">\n<tbody>\n<tr>\n<td style=\"width: 50%;\"><img decoding=\"async\" class=\"alignnone size-full wp-image-74084 lazyload\" data-src=\"https:\/\/bcsdh.hu\/wp-content\/uploads\/2025\/11\/IMG_1243-scaled.jpg\" alt=\"\" width=\"2560\" height=\"1920\" data-srcset=\"https:\/\/bcsdh.hu\/wp-content\/uploads\/2025\/11\/IMG_1243-scaled.jpg 2560w, https:\/\/bcsdh.hu\/wp-content\/uploads\/2025\/11\/IMG_1243-227x170.jpg 227w, https:\/\/bcsdh.hu\/wp-content\/uploads\/2025\/11\/IMG_1243-1030x773.jpg 1030w, https:\/\/bcsdh.hu\/wp-content\/uploads\/2025\/11\/IMG_1243-768x576.jpg 768w, https:\/\/bcsdh.hu\/wp-content\/uploads\/2025\/11\/IMG_1243-1536x1152.jpg 1536w, https:\/\/bcsdh.hu\/wp-content\/uploads\/2025\/11\/IMG_1243-1500x1125.jpg 1500w, https:\/\/bcsdh.hu\/wp-content\/uploads\/2025\/11\/IMG_1243-705x529.jpg 705w, https:\/\/bcsdh.hu\/wp-content\/uploads\/2025\/11\/IMG_1243-564x423.jpg 564w\" data-sizes=\"(max-width: 2560px) 100vw, 2560px\" src=\"data:image\/svg+xml;base64,PHN2ZyB3aWR0aD0iMSIgaGVpZ2h0PSIxIiB4bWxucz0iaHR0cDovL3d3dy53My5vcmcvMjAwMC9zdmciPjwvc3ZnPg==\" style=\"--smush-placeholder-width: 2560px; --smush-placeholder-aspect-ratio: 2560\/1920;\" \/><\/td>\n<td style=\"width: 50%;\"><img decoding=\"async\" class=\"alignnone size-full wp-image-74069 lazyload\" data-src=\"https:\/\/bcsdh.hu\/wp-content\/uploads\/2025\/11\/IMG_1276-scaled.jpg\" alt=\"\" width=\"2560\" height=\"1920\" data-srcset=\"https:\/\/bcsdh.hu\/wp-content\/uploads\/2025\/11\/IMG_1276-scaled.jpg 2560w, https:\/\/bcsdh.hu\/wp-content\/uploads\/2025\/11\/IMG_1276-227x170.jpg 227w, https:\/\/bcsdh.hu\/wp-content\/uploads\/2025\/11\/IMG_1276-1030x773.jpg 1030w, https:\/\/bcsdh.hu\/wp-content\/uploads\/2025\/11\/IMG_1276-768x576.jpg 768w, https:\/\/bcsdh.hu\/wp-content\/uploads\/2025\/11\/IMG_1276-1536x1152.jpg 1536w, https:\/\/bcsdh.hu\/wp-content\/uploads\/2025\/11\/IMG_1276-1500x1125.jpg 1500w, https:\/\/bcsdh.hu\/wp-content\/uploads\/2025\/11\/IMG_1276-705x529.jpg 705w, https:\/\/bcsdh.hu\/wp-content\/uploads\/2025\/11\/IMG_1276-564x423.jpg 564w\" data-sizes=\"(max-width: 2560px) 100vw, 2560px\" src=\"data:image\/svg+xml;base64,PHN2ZyB3aWR0aD0iMSIgaGVpZ2h0PSIxIiB4bWxucz0iaHR0cDovL3d3dy53My5vcmcvMjAwMC9zdmciPjwvc3ZnPg==\" style=\"--smush-placeholder-width: 2560px; --smush-placeholder-aspect-ratio: 2560\/1920;\" \/><\/td>\n<\/tr>\n<\/tbody>\n<\/table>\n<p>The event was concluded with an informal professional discussion, during which participants shared their own climate and sustainability challenges, good practices, and lessons learned from the COP.<\/p>\n<p>Dr. Barbara Wassen&#8217;s daily report on COP30 is available here: <a href=\"https:\/\/ceenergynews.com\/cop30-insights\/\">https:\/\/ceenergynews.com\/cop30-insights\/<\/a><\/p>\n<p>&nbsp;<\/p>\n<p style=\"text-align: center;\"><strong>Thanks to the Race to Zero program sponsors:\u00a0<\/strong><\/p>\n<p style=\"text-align: center;\"><img decoding=\"async\" class=\"alignnone wp-image-73451 lazyload\" data-src=\"https:\/\/bcsdh.hu\/wp-content\/uploads\/2025\/10\/Race-to-zero-szponzorok-2025_ENG.png\" alt=\"\" width=\"463\" height=\"342\" data-srcset=\"https:\/\/bcsdh.hu\/wp-content\/uploads\/2025\/10\/Race-to-zero-szponzorok-2025_ENG.png 1038w, https:\/\/bcsdh.hu\/wp-content\/uploads\/2025\/10\/Race-to-zero-szponzorok-2025_ENG-230x170.png 230w, https:\/\/bcsdh.hu\/wp-content\/uploads\/2025\/10\/Race-to-zero-szponzorok-2025_ENG-1030x762.png 1030w, https:\/\/bcsdh.hu\/wp-content\/uploads\/2025\/10\/Race-to-zero-szponzorok-2025_ENG-768x568.png 768w, https:\/\/bcsdh.hu\/wp-content\/uploads\/2025\/10\/Race-to-zero-szponzorok-2025_ENG-705x522.png 705w, https:\/\/bcsdh.hu\/wp-content\/uploads\/2025\/10\/Race-to-zero-szponzorok-2025_ENG-572x423.png 572w\" data-sizes=\"(max-width: 463px) 100vw, 463px\" src=\"data:image\/svg+xml;base64,PHN2ZyB3aWR0aD0iMSIgaGVpZ2h0PSIxIiB4bWxucz0iaHR0cDovL3d3dy53My5vcmcvMjAwMC9zdmciPjwvc3ZnPg==\" style=\"--smush-placeholder-width: 463px; --smush-placeholder-aspect-ratio: 463\/342;\" \/><\/p>\n","protected":false},"excerpt":{"rendered":"<p>One of the BCSDH Race to Zero working group&#8217;s key events of the year took place on November 25. The meeting was particularly timely, as COP30 had ended just a [&hellip;]<\/p>\n","protected":false},"author":5,"featured_media":74081,"comment_status":"closed","ping_status":"closed","sticky":false,"template":"","format":"standard","meta":{"footnotes":""},"categories":[864],"tags":[],"class_list":["post-74221","post","type-post","status-publish","format-standard","has-post-thumbnail","hentry","category-news"],"yoast_head":"<!-- This site is optimized with the Yoast SEO plugin v27.5 - https:\/\/yoast.com\/product\/yoast-seo-wordpress\/ -->\n<title>COP30 in Brazil in the spirit of mutir\u00e3o \u2013 Dr. Barbara Wassen&#039;s first-hand account of COP at the Race to Zero working group - BCSDH<\/title>\n<meta name=\"robots\" content=\"index, follow, max-snippet:-1, max-image-preview:large, max-video-preview:-1\" \/>\n<link rel=\"canonical\" href=\"https:\/\/bcsdh.hu\/en\/news\/cop30-in-brazil-in-the-spirit-of-mutirao-dr-barbara-wassens-first-hand-account-of-cop-at-the-race-to-zero-working-group\/\" \/>\n<meta property=\"og:locale\" content=\"en_US\" \/>\n<meta property=\"og:type\" content=\"article\" \/>\n<meta property=\"og:title\" content=\"COP30 in Brazil in the spirit of mutir\u00e3o \u2013 Dr. Barbara Wassen&#039;s first-hand account of COP at the Race to Zero working group - BCSDH\" \/>\n<meta property=\"og:description\" content=\"One of the BCSDH Race to Zero working group&#8217;s key events of the year took place on November 25. The meeting was particularly timely, as COP30 had ended just a [&hellip;]\" \/>\n<meta property=\"og:url\" content=\"https:\/\/bcsdh.hu\/en\/news\/cop30-in-brazil-in-the-spirit-of-mutirao-dr-barbara-wassens-first-hand-account-of-cop-at-the-race-to-zero-working-group\/\" \/>\n<meta property=\"og:site_name\" content=\"BCSDH\" \/>\n<meta property=\"article:published_time\" content=\"2025-11-27T13:49:14+00:00\" \/>\n<meta property=\"article:modified_time\" content=\"2025-12-02T16:03:09+00:00\" \/>\n<meta property=\"og:image\" content=\"https:\/\/bcsdh.hu\/wp-content\/uploads\/2025\/11\/IMG_1216-1030x773.jpg\" \/>\n\t<meta property=\"og:image:width\" content=\"1030\" \/>\n\t<meta property=\"og:image:height\" content=\"773\" \/>\n\t<meta property=\"og:image:type\" content=\"image\/jpeg\" \/>\n<meta name=\"author\" content=\"Nagy Andrea\" \/>\n<meta name=\"twitter:card\" content=\"summary_large_image\" \/>\n<meta name=\"twitter:label1\" content=\"Written by\" \/>\n\t<meta name=\"twitter:data1\" content=\"Nagy Andrea\" \/>\n\t<meta name=\"twitter:label2\" content=\"Est. reading time\" \/>\n\t<meta name=\"twitter:data2\" content=\"3 minutes\" \/>\n<script type=\"application\/ld+json\" class=\"yoast-schema-graph\">{\"@context\":\"https:\\\/\\\/schema.org\",\"@graph\":[{\"@type\":\"Article\",\"@id\":\"https:\\\/\\\/bcsdh.hu\\\/en\\\/news\\\/cop30-in-brazil-in-the-spirit-of-mutirao-dr-barbara-wassens-first-hand-account-of-cop-at-the-race-to-zero-working-group\\\/#article\",\"isPartOf\":{\"@id\":\"https:\\\/\\\/bcsdh.hu\\\/en\\\/news\\\/cop30-in-brazil-in-the-spirit-of-mutirao-dr-barbara-wassens-first-hand-account-of-cop-at-the-race-to-zero-working-group\\\/\"},\"author\":{\"name\":\"Nagy Andrea\",\"@id\":\"https:\\\/\\\/bcsdh.hu\\\/#\\\/schema\\\/person\\\/3c7bb74d63d102a98cb1e151bb845290\"},\"headline\":\"COP30 in Brazil in the spirit of mutir\u00e3o \u2013 Dr. Barbara Wassen&#8217;s first-hand account of COP at the Race to Zero working group\",\"datePublished\":\"2025-11-27T13:49:14+00:00\",\"dateModified\":\"2025-12-02T16:03:09+00:00\",\"mainEntityOfPage\":{\"@id\":\"https:\\\/\\\/bcsdh.hu\\\/en\\\/news\\\/cop30-in-brazil-in-the-spirit-of-mutirao-dr-barbara-wassens-first-hand-account-of-cop-at-the-race-to-zero-working-group\\\/\"},\"wordCount\":285,\"image\":{\"@id\":\"https:\\\/\\\/bcsdh.hu\\\/en\\\/news\\\/cop30-in-brazil-in-the-spirit-of-mutirao-dr-barbara-wassens-first-hand-account-of-cop-at-the-race-to-zero-working-group\\\/#primaryimage\"},\"thumbnailUrl\":\"https:\\\/\\\/bcsdh.hu\\\/wp-content\\\/uploads\\\/2025\\\/11\\\/IMG_1216-scaled.jpg\",\"articleSection\":[\"News\"],\"inLanguage\":\"en-US\"},{\"@type\":\"WebPage\",\"@id\":\"https:\\\/\\\/bcsdh.hu\\\/en\\\/news\\\/cop30-in-brazil-in-the-spirit-of-mutirao-dr-barbara-wassens-first-hand-account-of-cop-at-the-race-to-zero-working-group\\\/\",\"url\":\"https:\\\/\\\/bcsdh.hu\\\/en\\\/news\\\/cop30-in-brazil-in-the-spirit-of-mutirao-dr-barbara-wassens-first-hand-account-of-cop-at-the-race-to-zero-working-group\\\/\",\"name\":\"COP30 in Brazil in the spirit of mutir\u00e3o \u2013 Dr. Barbara Wassen's first-hand account of COP at the Race to Zero working group - BCSDH\",\"isPartOf\":{\"@id\":\"https:\\\/\\\/bcsdh.hu\\\/#website\"},\"primaryImageOfPage\":{\"@id\":\"https:\\\/\\\/bcsdh.hu\\\/en\\\/news\\\/cop30-in-brazil-in-the-spirit-of-mutirao-dr-barbara-wassens-first-hand-account-of-cop-at-the-race-to-zero-working-group\\\/#primaryimage\"},\"image\":{\"@id\":\"https:\\\/\\\/bcsdh.hu\\\/en\\\/news\\\/cop30-in-brazil-in-the-spirit-of-mutirao-dr-barbara-wassens-first-hand-account-of-cop-at-the-race-to-zero-working-group\\\/#primaryimage\"},\"thumbnailUrl\":\"https:\\\/\\\/bcsdh.hu\\\/wp-content\\\/uploads\\\/2025\\\/11\\\/IMG_1216-scaled.jpg\",\"datePublished\":\"2025-11-27T13:49:14+00:00\",\"dateModified\":\"2025-12-02T16:03:09+00:00\",\"author\":{\"@id\":\"https:\\\/\\\/bcsdh.hu\\\/#\\\/schema\\\/person\\\/3c7bb74d63d102a98cb1e151bb845290\"},\"breadcrumb\":{\"@id\":\"https:\\\/\\\/bcsdh.hu\\\/en\\\/news\\\/cop30-in-brazil-in-the-spirit-of-mutirao-dr-barbara-wassens-first-hand-account-of-cop-at-the-race-to-zero-working-group\\\/#breadcrumb\"},\"inLanguage\":\"en-US\",\"potentialAction\":[{\"@type\":\"ReadAction\",\"target\":[\"https:\\\/\\\/bcsdh.hu\\\/en\\\/news\\\/cop30-in-brazil-in-the-spirit-of-mutirao-dr-barbara-wassens-first-hand-account-of-cop-at-the-race-to-zero-working-group\\\/\"]}]},{\"@type\":\"ImageObject\",\"inLanguage\":\"en-US\",\"@id\":\"https:\\\/\\\/bcsdh.hu\\\/en\\\/news\\\/cop30-in-brazil-in-the-spirit-of-mutirao-dr-barbara-wassens-first-hand-account-of-cop-at-the-race-to-zero-working-group\\\/#primaryimage\",\"url\":\"https:\\\/\\\/bcsdh.hu\\\/wp-content\\\/uploads\\\/2025\\\/11\\\/IMG_1216-scaled.jpg\",\"contentUrl\":\"https:\\\/\\\/bcsdh.hu\\\/wp-content\\\/uploads\\\/2025\\\/11\\\/IMG_1216-scaled.jpg\",\"width\":2560,\"height\":1920},{\"@type\":\"BreadcrumbList\",\"@id\":\"https:\\\/\\\/bcsdh.hu\\\/en\\\/news\\\/cop30-in-brazil-in-the-spirit-of-mutirao-dr-barbara-wassens-first-hand-account-of-cop-at-the-race-to-zero-working-group\\\/#breadcrumb\",\"itemListElement\":[{\"@type\":\"ListItem\",\"position\":1,\"name\":\"Kezd\u0151lap\",\"item\":\"https:\\\/\\\/bcsdh.hu\\\/en\\\/bcsdh-the-business-council-for-sustainable-development-in-hungary\\\/\"},{\"@type\":\"ListItem\",\"position\":2,\"name\":\"COP30 in Brazil in the spirit of mutir\u00e3o \u2013 Dr. Barbara Wassen&#8217;s first-hand account of COP at the Race to Zero working group\"}]},{\"@type\":\"WebSite\",\"@id\":\"https:\\\/\\\/bcsdh.hu\\\/#website\",\"url\":\"https:\\\/\\\/bcsdh.hu\\\/\",\"name\":\"BCSDH\",\"description\":\"Magyarorsz\u00e1gi \u00dczleti Tan\u00e1cs a Fenntarthat\u00f3 Fejl\u0151d\u00e9s\u00e9rt (BCSDH) az \u00dczleti Vil\u00e1gtan\u00e1cs a Fenntarthat\u00f3 Fejl\u0151d\u00e9s\u00e9rt hazai szervezete.\",\"potentialAction\":[{\"@type\":\"SearchAction\",\"target\":{\"@type\":\"EntryPoint\",\"urlTemplate\":\"https:\\\/\\\/bcsdh.hu\\\/?s={search_term_string}\"},\"query-input\":{\"@type\":\"PropertyValueSpecification\",\"valueRequired\":true,\"valueName\":\"search_term_string\"}}],\"inLanguage\":\"en-US\"},{\"@type\":\"Person\",\"@id\":\"https:\\\/\\\/bcsdh.hu\\\/#\\\/schema\\\/person\\\/3c7bb74d63d102a98cb1e151bb845290\",\"name\":\"Nagy Andrea\",\"url\":\"https:\\\/\\\/bcsdh.hu\\\/en\\\/author\\\/nagy-andrea\\\/\"}]}<\/script>\n<!-- \/ Yoast SEO plugin. -->","yoast_head_json":{"title":"COP30 in Brazil in the spirit of mutir\u00e3o \u2013 Dr. Barbara Wassen's first-hand account of COP at the Race to Zero working group - BCSDH","robots":{"index":"index","follow":"follow","max-snippet":"max-snippet:-1","max-image-preview":"max-image-preview:large","max-video-preview":"max-video-preview:-1"},"canonical":"https:\/\/bcsdh.hu\/en\/news\/cop30-in-brazil-in-the-spirit-of-mutirao-dr-barbara-wassens-first-hand-account-of-cop-at-the-race-to-zero-working-group\/","og_locale":"en_US","og_type":"article","og_title":"COP30 in Brazil in the spirit of mutir\u00e3o \u2013 Dr. Barbara Wassen's first-hand account of COP at the Race to Zero working group - BCSDH","og_description":"One of the BCSDH Race to Zero working group&#8217;s key events of the year took place on November 25. The meeting was particularly timely, as COP30 had ended just a [&hellip;]","og_url":"https:\/\/bcsdh.hu\/en\/news\/cop30-in-brazil-in-the-spirit-of-mutirao-dr-barbara-wassens-first-hand-account-of-cop-at-the-race-to-zero-working-group\/","og_site_name":"BCSDH","article_published_time":"2025-11-27T13:49:14+00:00","article_modified_time":"2025-12-02T16:03:09+00:00","og_image":[{"width":1030,"height":773,"url":"https:\/\/bcsdh.hu\/wp-content\/uploads\/2025\/11\/IMG_1216-1030x773.jpg","type":"image\/jpeg"}],"author":"Nagy Andrea","twitter_card":"summary_large_image","twitter_misc":{"Written by":"Nagy Andrea","Est. reading time":"3 minutes"},"schema":{"@context":"https:\/\/schema.org","@graph":[{"@type":"Article","@id":"https:\/\/bcsdh.hu\/en\/news\/cop30-in-brazil-in-the-spirit-of-mutirao-dr-barbara-wassens-first-hand-account-of-cop-at-the-race-to-zero-working-group\/#article","isPartOf":{"@id":"https:\/\/bcsdh.hu\/en\/news\/cop30-in-brazil-in-the-spirit-of-mutirao-dr-barbara-wassens-first-hand-account-of-cop-at-the-race-to-zero-working-group\/"},"author":{"name":"Nagy Andrea","@id":"https:\/\/bcsdh.hu\/#\/schema\/person\/3c7bb74d63d102a98cb1e151bb845290"},"headline":"COP30 in Brazil in the spirit of mutir\u00e3o \u2013 Dr. Barbara Wassen&#8217;s first-hand account of COP at the Race to Zero working group","datePublished":"2025-11-27T13:49:14+00:00","dateModified":"2025-12-02T16:03:09+00:00","mainEntityOfPage":{"@id":"https:\/\/bcsdh.hu\/en\/news\/cop30-in-brazil-in-the-spirit-of-mutirao-dr-barbara-wassens-first-hand-account-of-cop-at-the-race-to-zero-working-group\/"},"wordCount":285,"image":{"@id":"https:\/\/bcsdh.hu\/en\/news\/cop30-in-brazil-in-the-spirit-of-mutirao-dr-barbara-wassens-first-hand-account-of-cop-at-the-race-to-zero-working-group\/#primaryimage"},"thumbnailUrl":"https:\/\/bcsdh.hu\/wp-content\/uploads\/2025\/11\/IMG_1216-scaled.jpg","articleSection":["News"],"inLanguage":"en-US"},{"@type":"WebPage","@id":"https:\/\/bcsdh.hu\/en\/news\/cop30-in-brazil-in-the-spirit-of-mutirao-dr-barbara-wassens-first-hand-account-of-cop-at-the-race-to-zero-working-group\/","url":"https:\/\/bcsdh.hu\/en\/news\/cop30-in-brazil-in-the-spirit-of-mutirao-dr-barbara-wassens-first-hand-account-of-cop-at-the-race-to-zero-working-group\/","name":"COP30 in Brazil in the spirit of mutir\u00e3o \u2013 Dr. Barbara Wassen's first-hand account of COP at the Race to Zero working group - BCSDH","isPartOf":{"@id":"https:\/\/bcsdh.hu\/#website"},"primaryImageOfPage":{"@id":"https:\/\/bcsdh.hu\/en\/news\/cop30-in-brazil-in-the-spirit-of-mutirao-dr-barbara-wassens-first-hand-account-of-cop-at-the-race-to-zero-working-group\/#primaryimage"},"image":{"@id":"https:\/\/bcsdh.hu\/en\/news\/cop30-in-brazil-in-the-spirit-of-mutirao-dr-barbara-wassens-first-hand-account-of-cop-at-the-race-to-zero-working-group\/#primaryimage"},"thumbnailUrl":"https:\/\/bcsdh.hu\/wp-content\/uploads\/2025\/11\/IMG_1216-scaled.jpg","datePublished":"2025-11-27T13:49:14+00:00","dateModified":"2025-12-02T16:03:09+00:00","author":{"@id":"https:\/\/bcsdh.hu\/#\/schema\/person\/3c7bb74d63d102a98cb1e151bb845290"},"breadcrumb":{"@id":"https:\/\/bcsdh.hu\/en\/news\/cop30-in-brazil-in-the-spirit-of-mutirao-dr-barbara-wassens-first-hand-account-of-cop-at-the-race-to-zero-working-group\/#breadcrumb"},"inLanguage":"en-US","potentialAction":[{"@type":"ReadAction","target":["https:\/\/bcsdh.hu\/en\/news\/cop30-in-brazil-in-the-spirit-of-mutirao-dr-barbara-wassens-first-hand-account-of-cop-at-the-race-to-zero-working-group\/"]}]},{"@type":"ImageObject","inLanguage":"en-US","@id":"https:\/\/bcsdh.hu\/en\/news\/cop30-in-brazil-in-the-spirit-of-mutirao-dr-barbara-wassens-first-hand-account-of-cop-at-the-race-to-zero-working-group\/#primaryimage","url":"https:\/\/bcsdh.hu\/wp-content\/uploads\/2025\/11\/IMG_1216-scaled.jpg","contentUrl":"https:\/\/bcsdh.hu\/wp-content\/uploads\/2025\/11\/IMG_1216-scaled.jpg","width":2560,"height":1920},{"@type":"BreadcrumbList","@id":"https:\/\/bcsdh.hu\/en\/news\/cop30-in-brazil-in-the-spirit-of-mutirao-dr-barbara-wassens-first-hand-account-of-cop-at-the-race-to-zero-working-group\/#breadcrumb","itemListElement":[{"@type":"ListItem","position":1,"name":"Kezd\u0151lap","item":"https:\/\/bcsdh.hu\/en\/bcsdh-the-business-council-for-sustainable-development-in-hungary\/"},{"@type":"ListItem","position":2,"name":"COP30 in Brazil in the spirit of mutir\u00e3o \u2013 Dr. Barbara Wassen&#8217;s first-hand account of COP at the Race to Zero working group"}]},{"@type":"WebSite","@id":"https:\/\/bcsdh.hu\/#website","url":"https:\/\/bcsdh.hu\/","name":"BCSDH","description":"Magyarorsz\u00e1gi \u00dczleti Tan\u00e1cs a Fenntarthat\u00f3 Fejl\u0151d\u00e9s\u00e9rt (BCSDH) az \u00dczleti Vil\u00e1gtan\u00e1cs a Fenntarthat\u00f3 Fejl\u0151d\u00e9s\u00e9rt hazai szervezete.","potentialAction":[{"@type":"SearchAction","target":{"@type":"EntryPoint","urlTemplate":"https:\/\/bcsdh.hu\/?s={search_term_string}"},"query-input":{"@type":"PropertyValueSpecification","valueRequired":true,"valueName":"search_term_string"}}],"inLanguage":"en-US"},{"@type":"Person","@id":"https:\/\/bcsdh.hu\/#\/schema\/person\/3c7bb74d63d102a98cb1e151bb845290","name":"Nagy Andrea","url":"https:\/\/bcsdh.hu\/en\/author\/nagy-andrea\/"}]}},"_links":{"self":[{"href":"https:\/\/bcsdh.hu\/en\/wp-json\/wp\/v2\/posts\/74221","targetHints":{"allow":["GET"]}}],"collection":[{"href":"https:\/\/bcsdh.hu\/en\/wp-json\/wp\/v2\/posts"}],"about":[{"href":"https:\/\/bcsdh.hu\/en\/wp-json\/wp\/v2\/types\/post"}],"author":[{"embeddable":true,"href":"https:\/\/bcsdh.hu\/en\/wp-json\/wp\/v2\/users\/5"}],"replies":[{"embeddable":true,"href":"https:\/\/bcsdh.hu\/en\/wp-json\/wp\/v2\/comments?post=74221"}],"version-history":[{"count":3,"href":"https:\/\/bcsdh.hu\/en\/wp-json\/wp\/v2\/posts\/74221\/revisions"}],"predecessor-version":[{"id":74224,"href":"https:\/\/bcsdh.hu\/en\/wp-json\/wp\/v2\/posts\/74221\/revisions\/74224"}],"wp:featuredmedia":[{"embeddable":true,"href":"https:\/\/bcsdh.hu\/en\/wp-json\/wp\/v2\/media\/74081"}],"wp:attachment":[{"href":"https:\/\/bcsdh.hu\/en\/wp-json\/wp\/v2\/media?parent=74221"}],"wp:term":[{"taxonomy":"category","embeddable":true,"href":"https:\/\/bcsdh.hu\/en\/wp-json\/wp\/v2\/categories?post=74221"},{"taxonomy":"post_tag","embeddable":true,"href":"https:\/\/bcsdh.hu\/en\/wp-json\/wp\/v2\/tags?post=74221"}],"curies":[{"name":"wp","href":"https:\/\/api.w.org\/{rel}","templated":true}]}}