{"id":8096,"date":"2017-12-06T15:33:06","date_gmt":"2017-12-06T14:33:06","guid":{"rendered":"http:\/\/bcsdh.hu\/?p=8096"},"modified":"2017-12-06T15:33:06","modified_gmt":"2017-12-06T14:33:06","slug":"strenghtening-cooperation-corporate-civil-sector-european-pro-bono-summit-budapest","status":"publish","type":"post","link":"https:\/\/bcsdh.hu\/en\/member-news\/strenghtening-cooperation-corporate-civil-sector-european-pro-bono-summit-budapest\/","title":{"rendered":"\u201eStrenghtening cooperation between corporate and civil sector\u201d- European Pro Bono Summit in Budapest"},"content":{"rendered":"<h3>2nd European Pro bono summit was held in Budapest, aiming to strengthen cooperation between corporate and civil sector through spreading skill based corporate pro bono volunteering practices.<\/h3>\n<p><img decoding=\"async\" class=\"wp-image-8093 aligncenter lazyload\" data-src=\"https:\/\/bcsdh.hu\/wp-content\/uploads\/2022\/10\/kpmg_pro1.jpg\" alt=\"\" width=\"363\" height=\"545\" src=\"data:image\/svg+xml;base64,PHN2ZyB3aWR0aD0iMSIgaGVpZ2h0PSIxIiB4bWxucz0iaHR0cDovL3d3dy53My5vcmcvMjAwMC9zdmciPjwvc3ZnPg==\" style=\"--smush-placeholder-width: 363px; --smush-placeholder-aspect-ratio: 363\/545;\" \/><\/p>\n<p>Over 100 representatives of 20 companies from 23 different countries participated at the summit, experts from the pro bono profession came to share knowledge and experiences about pro bono trends and best practices. Professional workshop on pro bono was held by KPMG and its corporate &#8211; GE Hungary, LogMeIn \u2013 and civil \u2013K\u00e9k Vonal Foundation- partners. During interactive workshops participants also worked out the criterias of long lasting and sustainable pro bono practice: linking pro bono to personal and business goals, as well as having a systematic measurement tool for evaluating the internal and external impacts of pro bono.<\/p>\n<p><img decoding=\"async\" class=\"wp-image-8097 aligncenter lazyload\" data-src=\"https:\/\/bcsdh.hu\/wp-content\/uploads\/2022\/10\/kpmg_pro3.jpg\" alt=\"\" width=\"491\" height=\"327\" src=\"data:image\/svg+xml;base64,PHN2ZyB3aWR0aD0iMSIgaGVpZ2h0PSIxIiB4bWxucz0iaHR0cDovL3d3dy53My5vcmcvMjAwMC9zdmciPjwvc3ZnPg==\" style=\"--smush-placeholder-width: 491px; --smush-placeholder-aspect-ratio: 491\/327;\" \/><\/p>\n","protected":false},"excerpt":{"rendered":"<p>2nd European Pro bono summit was held in Budapest, aiming to strengthen cooperation between corporate and civil sector through spreading skill based corporate pro bono volunteering practices. Over 100 representatives [&hellip;]<\/p>\n","protected":false},"author":2,"featured_media":7128,"comment_status":"open","ping_status":"open","sticky":false,"template":"","format":"standard","meta":{"footnotes":""},"categories":[54],"tags":[],"class_list":["post-8096","post","type-post","status-publish","format-standard","has-post-thumbnail","hentry","category-member-news"],"yoast_head":"<!-- This site is optimized with the Yoast SEO plugin v27.5 - https:\/\/yoast.com\/product\/yoast-seo-wordpress\/ -->\n<title>\u201eStrenghtening cooperation between corporate and civil sector\u201d- European Pro Bono Summit in Budapest - BCSDH<\/title>\n<meta name=\"robots\" content=\"index, follow, max-snippet:-1, max-image-preview:large, max-video-preview:-1\" \/>\n<link rel=\"canonical\" href=\"https:\/\/bcsdh.hu\/member-news\/strenghtening-cooperation-corporate-civil-sector-european-pro-bono-summit-budapest\/?lang=en\" \/>\n<meta property=\"og:locale\" content=\"en_US\" \/>\n<meta property=\"og:type\" content=\"article\" \/>\n<meta property=\"og:title\" content=\"\u201eStrenghtening cooperation between corporate and civil sector\u201d- European Pro Bono Summit in Budapest - BCSDH\" \/>\n<meta property=\"og:description\" content=\"2nd European Pro bono summit was held in Budapest, aiming to strengthen cooperation between corporate and civil sector through spreading skill based corporate pro bono volunteering practices. Over 100 representatives [&hellip;]\" \/>\n<meta property=\"og:url\" content=\"https:\/\/bcsdh.hu\/member-news\/strenghtening-cooperation-corporate-civil-sector-european-pro-bono-summit-budapest\/?lang=en\" \/>\n<meta property=\"og:site_name\" content=\"BCSDH\" \/>\n<meta property=\"article:published_time\" content=\"2017-12-06T14:33:06+00:00\" \/>\n<meta name=\"author\" content=\"eszter.chikankovacs\" \/>\n<meta name=\"twitter:card\" content=\"summary_large_image\" \/>\n<meta name=\"twitter:label1\" content=\"Written by\" \/>\n\t<meta name=\"twitter:data1\" content=\"eszter.chikankovacs\" \/>\n\t<meta name=\"twitter:label2\" content=\"Est. reading time\" \/>\n\t<meta name=\"twitter:data2\" content=\"1 minute\" \/>\n<script type=\"application\/ld+json\" class=\"yoast-schema-graph\">{\"@context\":\"https:\\\/\\\/schema.org\",\"@graph\":[{\"@type\":\"Article\",\"@id\":\"https:\\\/\\\/bcsdh.hu\\\/member-news\\\/strenghtening-cooperation-corporate-civil-sector-european-pro-bono-summit-budapest\\\/?lang=en#article\",\"isPartOf\":{\"@id\":\"https:\\\/\\\/bcsdh.hu\\\/member-news\\\/strenghtening-cooperation-corporate-civil-sector-european-pro-bono-summit-budapest\\\/?lang=en\"},\"author\":{\"name\":\"eszter.chikankovacs\",\"@id\":\"https:\\\/\\\/bcsdh.hu\\\/#\\\/schema\\\/person\\\/dc0c8a1a56126d86e722281935c5f5d8\"},\"headline\":\"\u201eStrenghtening cooperation between corporate and civil sector\u201d- European Pro Bono Summit in Budapest\",\"datePublished\":\"2017-12-06T14:33:06+00:00\",\"mainEntityOfPage\":{\"@id\":\"https:\\\/\\\/bcsdh.hu\\\/member-news\\\/strenghtening-cooperation-corporate-civil-sector-european-pro-bono-summit-budapest\\\/?lang=en\"},\"wordCount\":137,\"commentCount\":0,\"image\":{\"@id\":\"https:\\\/\\\/bcsdh.hu\\\/member-news\\\/strenghtening-cooperation-corporate-civil-sector-european-pro-bono-summit-budapest\\\/?lang=en#primaryimage\"},\"thumbnailUrl\":\"\",\"articleSection\":[\"Member News\"],\"inLanguage\":\"en-US\",\"potentialAction\":[{\"@type\":\"CommentAction\",\"name\":\"Comment\",\"target\":[\"https:\\\/\\\/bcsdh.hu\\\/member-news\\\/strenghtening-cooperation-corporate-civil-sector-european-pro-bono-summit-budapest\\\/?lang=en#respond\"]}]},{\"@type\":\"WebPage\",\"@id\":\"https:\\\/\\\/bcsdh.hu\\\/member-news\\\/strenghtening-cooperation-corporate-civil-sector-european-pro-bono-summit-budapest\\\/?lang=en\",\"url\":\"https:\\\/\\\/bcsdh.hu\\\/member-news\\\/strenghtening-cooperation-corporate-civil-sector-european-pro-bono-summit-budapest\\\/?lang=en\",\"name\":\"\u201eStrenghtening cooperation between corporate and civil sector\u201d- European Pro Bono Summit in Budapest - BCSDH\",\"isPartOf\":{\"@id\":\"https:\\\/\\\/bcsdh.hu\\\/#website\"},\"primaryImageOfPage\":{\"@id\":\"https:\\\/\\\/bcsdh.hu\\\/member-news\\\/strenghtening-cooperation-corporate-civil-sector-european-pro-bono-summit-budapest\\\/?lang=en#primaryimage\"},\"image\":{\"@id\":\"https:\\\/\\\/bcsdh.hu\\\/member-news\\\/strenghtening-cooperation-corporate-civil-sector-european-pro-bono-summit-budapest\\\/?lang=en#primaryimage\"},\"thumbnailUrl\":\"\",\"datePublished\":\"2017-12-06T14:33:06+00:00\",\"author\":{\"@id\":\"https:\\\/\\\/bcsdh.hu\\\/#\\\/schema\\\/person\\\/dc0c8a1a56126d86e722281935c5f5d8\"},\"breadcrumb\":{\"@id\":\"https:\\\/\\\/bcsdh.hu\\\/member-news\\\/strenghtening-cooperation-corporate-civil-sector-european-pro-bono-summit-budapest\\\/?lang=en#breadcrumb\"},\"inLanguage\":\"en-US\",\"potentialAction\":[{\"@type\":\"ReadAction\",\"target\":[\"https:\\\/\\\/bcsdh.hu\\\/member-news\\\/strenghtening-cooperation-corporate-civil-sector-european-pro-bono-summit-budapest\\\/?lang=en\"]}]},{\"@type\":\"ImageObject\",\"inLanguage\":\"en-US\",\"@id\":\"https:\\\/\\\/bcsdh.hu\\\/member-news\\\/strenghtening-cooperation-corporate-civil-sector-european-pro-bono-summit-budapest\\\/?lang=en#primaryimage\",\"url\":\"\",\"contentUrl\":\"\"},{\"@type\":\"BreadcrumbList\",\"@id\":\"https:\\\/\\\/bcsdh.hu\\\/member-news\\\/strenghtening-cooperation-corporate-civil-sector-european-pro-bono-summit-budapest\\\/?lang=en#breadcrumb\",\"itemListElement\":[{\"@type\":\"ListItem\",\"position\":1,\"name\":\"Kezd\u0151lap\",\"item\":\"https:\\\/\\\/bcsdh.hu\\\/en\\\/bcsdh-the-business-council-for-sustainable-development-in-hungary\\\/\"},{\"@type\":\"ListItem\",\"position\":2,\"name\":\"\u201eStrenghtening cooperation between corporate and civil sector\u201d- European Pro Bono Summit in Budapest\"}]},{\"@type\":\"WebSite\",\"@id\":\"https:\\\/\\\/bcsdh.hu\\\/#website\",\"url\":\"https:\\\/\\\/bcsdh.hu\\\/\",\"name\":\"BCSDH\",\"description\":\"Magyarorsz\u00e1gi \u00dczleti Tan\u00e1cs a Fenntarthat\u00f3 Fejl\u0151d\u00e9s\u00e9rt (BCSDH) az \u00dczleti Vil\u00e1gtan\u00e1cs a Fenntarthat\u00f3 Fejl\u0151d\u00e9s\u00e9rt hazai szervezete.\",\"potentialAction\":[{\"@type\":\"SearchAction\",\"target\":{\"@type\":\"EntryPoint\",\"urlTemplate\":\"https:\\\/\\\/bcsdh.hu\\\/?s={search_term_string}\"},\"query-input\":{\"@type\":\"PropertyValueSpecification\",\"valueRequired\":true,\"valueName\":\"search_term_string\"}}],\"inLanguage\":\"en-US\"},{\"@type\":\"Person\",\"@id\":\"https:\\\/\\\/bcsdh.hu\\\/#\\\/schema\\\/person\\\/dc0c8a1a56126d86e722281935c5f5d8\",\"name\":\"eszter.chikankovacs\",\"url\":\"https:\\\/\\\/bcsdh.hu\\\/en\\\/author\\\/eszter-chikankovacs\\\/\"}]}<\/script>\n<!-- \/ Yoast SEO plugin. -->","yoast_head_json":{"title":"\u201eStrenghtening cooperation between corporate and civil sector\u201d- European Pro Bono Summit in Budapest - BCSDH","robots":{"index":"index","follow":"follow","max-snippet":"max-snippet:-1","max-image-preview":"max-image-preview:large","max-video-preview":"max-video-preview:-1"},"canonical":"https:\/\/bcsdh.hu\/member-news\/strenghtening-cooperation-corporate-civil-sector-european-pro-bono-summit-budapest\/?lang=en","og_locale":"en_US","og_type":"article","og_title":"\u201eStrenghtening cooperation between corporate and civil sector\u201d- European Pro Bono Summit in Budapest - BCSDH","og_description":"2nd European Pro bono summit was held in Budapest, aiming to strengthen cooperation between corporate and civil sector through spreading skill based corporate pro bono volunteering practices. Over 100 representatives [&hellip;]","og_url":"https:\/\/bcsdh.hu\/member-news\/strenghtening-cooperation-corporate-civil-sector-european-pro-bono-summit-budapest\/?lang=en","og_site_name":"BCSDH","article_published_time":"2017-12-06T14:33:06+00:00","author":"eszter.chikankovacs","twitter_card":"summary_large_image","twitter_misc":{"Written by":"eszter.chikankovacs","Est. reading time":"1 minute"},"schema":{"@context":"https:\/\/schema.org","@graph":[{"@type":"Article","@id":"https:\/\/bcsdh.hu\/member-news\/strenghtening-cooperation-corporate-civil-sector-european-pro-bono-summit-budapest\/?lang=en#article","isPartOf":{"@id":"https:\/\/bcsdh.hu\/member-news\/strenghtening-cooperation-corporate-civil-sector-european-pro-bono-summit-budapest\/?lang=en"},"author":{"name":"eszter.chikankovacs","@id":"https:\/\/bcsdh.hu\/#\/schema\/person\/dc0c8a1a56126d86e722281935c5f5d8"},"headline":"\u201eStrenghtening cooperation between corporate and civil sector\u201d- European Pro Bono Summit in Budapest","datePublished":"2017-12-06T14:33:06+00:00","mainEntityOfPage":{"@id":"https:\/\/bcsdh.hu\/member-news\/strenghtening-cooperation-corporate-civil-sector-european-pro-bono-summit-budapest\/?lang=en"},"wordCount":137,"commentCount":0,"image":{"@id":"https:\/\/bcsdh.hu\/member-news\/strenghtening-cooperation-corporate-civil-sector-european-pro-bono-summit-budapest\/?lang=en#primaryimage"},"thumbnailUrl":"","articleSection":["Member News"],"inLanguage":"en-US","potentialAction":[{"@type":"CommentAction","name":"Comment","target":["https:\/\/bcsdh.hu\/member-news\/strenghtening-cooperation-corporate-civil-sector-european-pro-bono-summit-budapest\/?lang=en#respond"]}]},{"@type":"WebPage","@id":"https:\/\/bcsdh.hu\/member-news\/strenghtening-cooperation-corporate-civil-sector-european-pro-bono-summit-budapest\/?lang=en","url":"https:\/\/bcsdh.hu\/member-news\/strenghtening-cooperation-corporate-civil-sector-european-pro-bono-summit-budapest\/?lang=en","name":"\u201eStrenghtening cooperation between corporate and civil sector\u201d- European Pro Bono Summit in Budapest - BCSDH","isPartOf":{"@id":"https:\/\/bcsdh.hu\/#website"},"primaryImageOfPage":{"@id":"https:\/\/bcsdh.hu\/member-news\/strenghtening-cooperation-corporate-civil-sector-european-pro-bono-summit-budapest\/?lang=en#primaryimage"},"image":{"@id":"https:\/\/bcsdh.hu\/member-news\/strenghtening-cooperation-corporate-civil-sector-european-pro-bono-summit-budapest\/?lang=en#primaryimage"},"thumbnailUrl":"","datePublished":"2017-12-06T14:33:06+00:00","author":{"@id":"https:\/\/bcsdh.hu\/#\/schema\/person\/dc0c8a1a56126d86e722281935c5f5d8"},"breadcrumb":{"@id":"https:\/\/bcsdh.hu\/member-news\/strenghtening-cooperation-corporate-civil-sector-european-pro-bono-summit-budapest\/?lang=en#breadcrumb"},"inLanguage":"en-US","potentialAction":[{"@type":"ReadAction","target":["https:\/\/bcsdh.hu\/member-news\/strenghtening-cooperation-corporate-civil-sector-european-pro-bono-summit-budapest\/?lang=en"]}]},{"@type":"ImageObject","inLanguage":"en-US","@id":"https:\/\/bcsdh.hu\/member-news\/strenghtening-cooperation-corporate-civil-sector-european-pro-bono-summit-budapest\/?lang=en#primaryimage","url":"","contentUrl":""},{"@type":"BreadcrumbList","@id":"https:\/\/bcsdh.hu\/member-news\/strenghtening-cooperation-corporate-civil-sector-european-pro-bono-summit-budapest\/?lang=en#breadcrumb","itemListElement":[{"@type":"ListItem","position":1,"name":"Kezd\u0151lap","item":"https:\/\/bcsdh.hu\/en\/bcsdh-the-business-council-for-sustainable-development-in-hungary\/"},{"@type":"ListItem","position":2,"name":"\u201eStrenghtening cooperation between corporate and civil sector\u201d- European Pro Bono Summit in Budapest"}]},{"@type":"WebSite","@id":"https:\/\/bcsdh.hu\/#website","url":"https:\/\/bcsdh.hu\/","name":"BCSDH","description":"Magyarorsz\u00e1gi \u00dczleti Tan\u00e1cs a Fenntarthat\u00f3 Fejl\u0151d\u00e9s\u00e9rt (BCSDH) az \u00dczleti Vil\u00e1gtan\u00e1cs a Fenntarthat\u00f3 Fejl\u0151d\u00e9s\u00e9rt hazai szervezete.","potentialAction":[{"@type":"SearchAction","target":{"@type":"EntryPoint","urlTemplate":"https:\/\/bcsdh.hu\/?s={search_term_string}"},"query-input":{"@type":"PropertyValueSpecification","valueRequired":true,"valueName":"search_term_string"}}],"inLanguage":"en-US"},{"@type":"Person","@id":"https:\/\/bcsdh.hu\/#\/schema\/person\/dc0c8a1a56126d86e722281935c5f5d8","name":"eszter.chikankovacs","url":"https:\/\/bcsdh.hu\/en\/author\/eszter-chikankovacs\/"}]}},"_links":{"self":[{"href":"https:\/\/bcsdh.hu\/en\/wp-json\/wp\/v2\/posts\/8096","targetHints":{"allow":["GET"]}}],"collection":[{"href":"https:\/\/bcsdh.hu\/en\/wp-json\/wp\/v2\/posts"}],"about":[{"href":"https:\/\/bcsdh.hu\/en\/wp-json\/wp\/v2\/types\/post"}],"author":[{"embeddable":true,"href":"https:\/\/bcsdh.hu\/en\/wp-json\/wp\/v2\/users\/2"}],"replies":[{"embeddable":true,"href":"https:\/\/bcsdh.hu\/en\/wp-json\/wp\/v2\/comments?post=8096"}],"version-history":[{"count":0,"href":"https:\/\/bcsdh.hu\/en\/wp-json\/wp\/v2\/posts\/8096\/revisions"}],"wp:featuredmedia":[{"embeddable":true,"href":"https:\/\/bcsdh.hu\/en\/wp-json\/"}],"wp:attachment":[{"href":"https:\/\/bcsdh.hu\/en\/wp-json\/wp\/v2\/media?parent=8096"}],"wp:term":[{"taxonomy":"category","embeddable":true,"href":"https:\/\/bcsdh.hu\/en\/wp-json\/wp\/v2\/categories?post=8096"},{"taxonomy":"post_tag","embeddable":true,"href":"https:\/\/bcsdh.hu\/en\/wp-json\/wp\/v2\/tags?post=8096"}],"curies":[{"name":"wp","href":"https:\/\/api.w.org\/{rel}","templated":true}]}}